{"id":15409,"date":"2010-03-08T17:20:09","date_gmt":"2010-03-08T16:20:09","guid":{"rendered":"http:\/\/www.gamesfanatic.pl\/?p=15409"},"modified":"2023-01-14T23:30:33","modified_gmt":"2023-01-14T22:30:33","slug":"gramy-edycja-wiosenna-juz-niedlugo","status":"publish","type":"post","link":"https:\/\/wp4wpuw.pedagog.uw.edu.pl\/test\/2010\/03\/08\/gramy-edycja-wiosenna-juz-niedlugo\/","title":{"rendered":"GRAMY &#8211; edycja wiosenna ju\u017c nied\u0142ugo!"},"content":{"rendered":"<p><a href=\"\/wp-content\/uploads\/2009\/06\/gramy.jpg\"><img loading=\"lazy\" decoding=\"async\" class=\"alignleft size-medium wp-image-7089\" title=\"Gramy - gdy\u0144skie spotkania z grami planszowymi\" src=\"\/wp-content\/uploads\/2009\/06\/gramy-200x93.jpg\" alt=\"\" width=\"200\" height=\"93\" srcset=\"https:\/\/wp4wpuw.pedagog.uw.edu.pl\/test\/wp-content\/uploads\/2009\/06\/gramy-200x93.jpg 200w, https:\/\/wp4wpuw.pedagog.uw.edu.pl\/test\/wp-content\/uploads\/2009\/06\/gramy.jpg 383w\" sizes=\"auto, (max-width: 200px) 100vw, 200px\" \/><\/a>Od samego pocz\u0105tku zapowiadali\u015bmy, \u017ce GRAMY stanie si\u0119 imprez\u0105 cykliczn\u0105. Obawiali\u015bmy si\u0119 troch\u0119 tego, jak zostanie przez Was przyj\u0119ta pierwsza edycja &#8211; jednak jej <a href=\"http:\/\/www.festiwalgramy.com\/2009\/10\/05\/relacje-z-gramy\">pozytywny odbi\u00f3r<\/a> przer\u00f3s\u0142 nasze naj\u015bmielsze oczekiwania. Teraz zapraszamy Was na edycj\u0119 wiosna 2010 w dniach 17-18. kwietnia. Festiwal tak jak ostatnio odb\u0119dzie si\u0119 w Centrum Nauki EXPERYMENT w Pomorskim Parku Naukowo-Technologicznym w Gdyni.<!--more--><\/p>\n<p>Dla przypomnienia (lub tych, kt\u00f3rzy o GRAMY dopiero si\u0119 dowiaduj\u0105) &#8211; formu\u0142a imprezy jest prosta. Przez dwa dni, sobot\u0119 i niedziel\u0119, b\u0119dzie mo\u017cna przyj\u015b\u0107 na miejsce imprezy i gra\u0107, gra\u0107, gra\u0107. Czeka na Was kilkadziesi\u0105t sto\u0142\u00f3w i grubo ponad 100 plansz\u00f3wek, od prostych gier imprezowych po zaawansowane strategie. Na miejscu nasza obs\u0142uga pokazuje i t\u0142umaczy zasady gier planszowych a tak\u017ce pomo\u017ce w wyborze gry dla siebie.<\/p>\n<table style=\"margin: 10px auto;\">\n<tbody>\n<tr>\n<td><a href=\"http:\/\/www.festiwalgramy.com\/wp-content\/uploads\/2010\/03\/DSC09687.jpg\"><img decoding=\"async\" class=\"alignnone size-medium wp-image-328\" title=\"DSC09687\" src=\"http:\/\/www.festiwalgramy.com\/wp-content\/uploads\/2010\/03\/DSC09687-300x199.jpg\" alt=\"\" width=\"150\" \/><\/a><\/td>\n<td><a href=\"http:\/\/www.festiwalgramy.com\/wp-content\/uploads\/2010\/03\/IMGP9168.jpg\"><img decoding=\"async\" class=\"alignnone size-medium wp-image-334\" title=\"IMGP9168\" src=\"http:\/\/www.festiwalgramy.com\/wp-content\/uploads\/2010\/03\/IMGP9168-300x199.jpg\" alt=\"\" width=\"150\" \/><\/a><\/td>\n<\/tr>\n<tr>\n<td><a href=\"http:\/\/www.festiwalgramy.com\/wp-content\/uploads\/2010\/03\/IMGP9169.jpg\"><img decoding=\"async\" class=\"alignnone size-medium wp-image-335\" title=\"IMGP9169\" src=\"http:\/\/www.festiwalgramy.com\/wp-content\/uploads\/2010\/03\/IMGP9169-300x199.jpg\" alt=\"\" width=\"150\" \/><\/a><\/td>\n<td><a href=\"http:\/\/www.festiwalgramy.com\/wp-content\/uploads\/2010\/03\/IMG_0468.jpg\"><img decoding=\"async\" class=\"alignnone size-medium wp-image-331\" title=\"IMG_0468\" src=\"http:\/\/www.festiwalgramy.com\/wp-content\/uploads\/2010\/03\/IMG_0468-300x225.jpg\" alt=\"\" width=\"150\" \/><\/a><\/td>\n<\/tr>\n<\/tbody>\n<\/table>\n<p>Do dyspozycji tym razem mamy troch\u0119 wi\u0119ksz\u0105 przestrze\u0144 (m.in. do spokojniejszego miejsca zostanie wydzielona cz\u0119\u015b\u0107 turniejowa), wi\u0119cej \u0142awek \ud83d\ude09 i przede wszystkim wi\u0119cej gier (ich pe\u0142na lista uka\u017ce si\u0119 niebawem). A do tego oczywi\u015bcie bogaty program i sympatyczn\u0105 obs\u0142ug\u0119 w postaci pomocnych \u017b\u00f3\u0142tych Koszulek.<\/p>\n<p><strong>Na GRAMY 2 przewidujemy m.in.:<\/strong><\/p>\n<ul>\n<li>Fina\u0142 Mistrzostw Polski w grze Wsi\u0105\u015b\u0107 do Poci\u0105gu Europa \u2013 zwyci\u0119zca turnieju wyjedzie do Pary\u017ca na Mistrzostwa \u015awiata!<\/li>\n<li>Turniej gier dla najm\u0142odszych (w wieku do 12 lat w\u0142\u0105cznie)<\/li>\n<li>Turnieje Pitchcar Mini, Neuroshima Hex<\/li>\n<li>Prezentacji premierowe i przedpremierowe gier, kt\u00f3re uka\u017c\u0105 si\u0119 w tym roku w Polsce<\/li>\n<li>Konkurs wiedzy o grach planszowych &#8211; w poprzedniej edycji wypad\u0142 w dosy\u0107 niefortunnym terminie, jednak by\u0142 bardzo chwalony przez uczestnik\u00f3w &#8211; w tym roku b\u0119dzie tylko lepiej!<\/li>\n<li>Losowanie nagr\u00f3d \u2013 aby wzi\u0105\u0107 udzia\u0142 w losowaniu nagr\u00f3d wystarczy wpisa\u0107 si\u0119 na list\u0119 przy wej\u015bciu na imprez\u0119!<\/li>\n<li>K\u0105cik gier dla dzieci z du\u017cymi wersjami popularnych gier<\/li>\n<li>Stoisko sklepu z grami i akcesoriami<\/li>\n<li>Gra Roku 2010 \u2013 og\u0142oszenie wynik\u00f3w konkursu na najlepsz\u0105 gr\u0119 planszow\u0105 wydan\u0105 w zesz\u0142ym roku w Polsce<\/li>\n<li>Pokaz gry i rozgrywki w Cashflow 101<\/li>\n<li>Mo\u017cliwo\u015b\u0107 zwiedzania interaktywnej wystawy Centrum Nauki Experyment<\/li>\n<\/ul>\n<p>Jako specjalny punkt programu w tej edycji &#8211; zapraszamy na <strong>warsztaty dla autor\u00f3w gier<\/strong>, prowadzone pod patronatem firmy TREFL.\u00a0 B\u0119dzie to seria wyk\u0142ad\u00f3w i zaj\u0119\u0107 praktycznych dla wszystkich, kt\u00f3rzy zastanawiaj\u0105 si\u0119 nad stworzeniem i wydaniem w\u0142asnej gry planszowej. UWAGA! Ka\u017cdy uczestnik warsztat\u00f3w otrzyma zestaw element\u00f3w do tworzenia prototyp\u00f3w!<\/p>\n<p>Je\u017celi jeszcze zastanawiacie si\u0119 nad tym czy pojawi\u0107 si\u0119 na GRAMY, oto kilka opinii, jakie zebra\u0142a zesz\u0142oroczna edycja jesienna:<\/p>\n<blockquote><p><em>Rewelacyjna impreza. Niech \u017ca\u0142uj\u0105 wszyscy, kt\u00f3rzy nie przybyli!!!<br \/>\n<\/em><strong>Micha\u0142 Gu\u0107 \u2013 wiceprezydent Gdyni \/ GoldenLine.pl<\/strong><\/p>\n<p><em>By\u0142em przez p\u00f3\u0142torej dnia i przyczepi\u0107 si\u0119 mog\u0119 tylko do brak\u00f3w w sto\u0142ach i krzes\u0142ach. Najwa\u017cniejsze, \u017ce by\u0142o pe\u0142no \u017c\u00f3\u0142tych koszulek i do mnie nieraz kto\u015b podchodzi\u0142 i pyta\u0142 czy znale\u017a\u0107 kogo\u015b do grania, albo czy nie chc\u0119 zagra\u0107 w co\u015b-tam. Prawie na pewno pojawi\u0119 si\u0119 na nast\u0119pnej edycji.<\/em><br \/>\n<strong>\u0141ukasz &#8220;Wookie&#8221; Wo\u017aniak \/ redaktor GryPlanszowe.net<\/strong><\/p>\n<p><em>Po pierwsze dzi\u0119kuj\u0119 organizatorom za GRAMY, bez niego Pomorze by\u0142o bia\u0142\u0105 plam\u0105 na mapie konwent\u00f3w plansz\u00f3wkowych odbywaj\u0105cych si\u0119 w Polsce. Jad\u0105c zastanawia\u0142em si\u0119 ile b\u0119dzie os\u00f3b (moje prognozy &#8211; kilkadziesi\u0105t), a tu niespodzianka, ca\u0142a sala wype\u0142niona &#8211; brak sto\u0142\u00f3w do gry, ludzie siedz\u0105cy na pod\u0142ogach.<\/em><br \/>\n<strong>Kisio \/ Forum Gry-Planszowe.pl<\/strong><\/p><\/blockquote>\n<p>W tym roku jako patroni medialni &#8211; naszymi partnerami s\u0105: GamesFanatic.pl, Przekr\u00f3j, Radio Gda\u0144sk, Dziennik Ba\u0142tycki, Anonse, Echo Miasta, mmTr\u00f3jmiasto, naszeMiasto.pl, Tr\u00f3jmiasto.pl, Wrota Pomorza, \u015awiat Gier Planszowych, Paradoks &#8211; mo\u017cecie wi\u0119c by\u0107 pewni, \u017ce o GRAMY b\u0119dzie jeszcze g\u0142o\u015bno.<\/p>\n<p>Organizatorami imprezy s\u0105, podobnie jak w ubieg\u0142ym roku: Stowarzyszenie Tw\u00f3rc\u00f3w Gier FunReal, Centrum Nauki EXPERYMENT, Pomorski Park Naukowo-Technologiczny oraz Fabryka Kreacji i ZMCh &#8220;Polska YMCA&#8221; w Gdyni ognisko Centrum.<\/p>\n<p>Tej wiosny &#8211; zapraszamy do Gdyni!<\/p>\n<p>Wi\u0119cej informacji: <a href=\"http:\/\/www.festiwalgramy.com\" target=\"_blank\" rel=\"noopener\">www.festiwalgramy.com<\/a>.<\/p>\n<p>PS. W ramach przygotowa\u0144 do festiwalu, ju\u017c od najbli\u017cszej \u015brody, co tydzie\u0144, zapraszamy do Experymentu na spotkania z grami! Wi\u0119cej informacji:\u00a0http:\/\/experyment.gdynia.pl\/pl\/nowosci\/wydarzenia\/gry<\/p>\n","protected":false},"excerpt":{"rendered":"<p>Od samego pocz\u0105tku zapowiadali\u015bmy, \u017ce GRAMY stanie si\u0119 imprez\u0105 cykliczn\u0105. Obawiali\u015bmy si\u0119 troch\u0119 tego, jak zostanie przez Was przyj\u0119ta pierwsza edycja &#8211; jednak jej pozytywny odbi\u00f3r przer\u00f3s\u0142 nasze naj\u015bmielsze oczekiwania. Teraz zapraszamy Was na edycj\u0119 wiosna 2010 w dniach 17-18. kwietnia. Festiwal tak jak ostatnio odb\u0119dzie si\u0119 w Centrum Nauki EXPERYMENT w Pomorskim Parku Naukowo-Technologicznym &#8230;<\/p>\n","protected":false},"author":106,"featured_media":0,"comment_status":"open","ping_status":"closed","sticky":false,"template":"","format":"standard","meta":{"cybocfi_hide_featured_image":"","footnotes":""},"categories":[],"tags":[],"post_folder":[],"class_list":["post-15409","post","type-post","status-publish","format-standard","hentry"],"_links":{"self":[{"href":"https:\/\/wp4wpuw.pedagog.uw.edu.pl\/test\/wp-json\/wp\/v2\/posts\/15409","targetHints":{"allow":["GET"]}}],"collection":[{"href":"https:\/\/wp4wpuw.pedagog.uw.edu.pl\/test\/wp-json\/wp\/v2\/posts"}],"about":[{"href":"https:\/\/wp4wpuw.pedagog.uw.edu.pl\/test\/wp-json\/wp\/v2\/types\/post"}],"author":[{"embeddable":true,"href":"https:\/\/wp4wpuw.pedagog.uw.edu.pl\/test\/wp-json\/wp\/v2\/users\/106"}],"replies":[{"embeddable":true,"href":"https:\/\/wp4wpuw.pedagog.uw.edu.pl\/test\/wp-json\/wp\/v2\/comments?post=15409"}],"version-history":[{"count":0,"href":"https:\/\/wp4wpuw.pedagog.uw.edu.pl\/test\/wp-json\/wp\/v2\/posts\/15409\/revisions"}],"wp:attachment":[{"href":"https:\/\/wp4wpuw.pedagog.uw.edu.pl\/test\/wp-json\/wp\/v2\/media?parent=15409"}],"wp:term":[{"taxonomy":"category","embeddable":true,"href":"https:\/\/wp4wpuw.pedagog.uw.edu.pl\/test\/wp-json\/wp\/v2\/categories?post=15409"},{"taxonomy":"post_tag","embeddable":true,"href":"https:\/\/wp4wpuw.pedagog.uw.edu.pl\/test\/wp-json\/wp\/v2\/tags?post=15409"},{"taxonomy":"post_folder","embeddable":true,"href":"https:\/\/wp4wpuw.pedagog.uw.edu.pl\/test\/wp-json\/wp\/v2\/post_folder?post=15409"}],"curies":[{"name":"wp","href":"https:\/\/api.w.org\/{rel}","templated":true}]}}