{"id":23111,"date":"2011-06-09T09:56:02","date_gmt":"2011-06-09T07:56:02","guid":{"rendered":"http:\/\/www.gamesfanatic.pl\/?p=23111"},"modified":"2011-06-09T10:29:27","modified_gmt":"2011-06-09T08:29:27","slug":"%e2%80%9eproch-i-stal%e2%80%9d-gra-o-konfederatach-barskich-w-tyncu","status":"publish","type":"post","link":"https:\/\/wp4wpuw.pedagog.uw.edu.pl\/test\/2011\/06\/09\/%e2%80%9eproch-i-stal%e2%80%9d-gra-o-konfederatach-barskich-w-tyncu\/","title":{"rendered":"\u201eProch i Stal\u201d &#8211; gra o Konfederatach Barskich w Ty\u0144cu"},"content":{"rendered":"<p><a href=\"\/wp-content\/uploads\/2011\/06\/proch_i_stal3.jpg\"><img loading=\"lazy\" decoding=\"async\" class=\"alignleft size-medium wp-image-23112\" title=\"proch_i_stal3\" src=\"\/wp-content\/uploads\/2011\/06\/proch_i_stal3-200x143.jpg\" alt=\"\" width=\"200\" height=\"143\" srcset=\"https:\/\/wp4wpuw.pedagog.uw.edu.pl\/test\/wp-content\/uploads\/2011\/06\/proch_i_stal3-200x143.jpg 200w, https:\/\/wp4wpuw.pedagog.uw.edu.pl\/test\/wp-content\/uploads\/2011\/06\/proch_i_stal3.jpg 620w\" sizes=\"auto, (max-width: 200px) 100vw, 200px\" \/><\/a>W dniu 12 czerwca 2011 (w godzinach 15-18) odb\u0119dzie si\u0119 premiera nowej gry planszowej: \u201e<strong>Proch i Stal<\/strong>\u201d (Wojciech Krupnik,\u00a0Wojciech W\u00f3jcik). B\u0119dzie ona mia\u0142a miejsce w Ty\u0144cu podczas V Dni Benedykty\u0144skich, kt\u00f3re w cz\u0119\u015bci b\u0119d\u0105 po\u015bwi\u0119cone konfederacji barskiej. W Ty\u0144cu opr\u00f3cz mo\u017cliwo\u015bci zagrania w gr\u0119 b\u0119dzie szansa zobaczenia i zagrania w wersj\u0119 wielkoformatow\u0105, zmierzenia si\u0119 z innymi obro\u0144cami twierdzy w konkursie\/turnieju (jako nagrody opr\u00f3cz produkt\u00f3w benedykty\u0144skich przewidziano tak\u017ce egzemplarze gry). Poni\u017cej kilka s\u0142\u00f3w o samej grze.<\/p>\n<p><!--more--><br \/>\n&#8220;Proch i Stal&#8221; to gra kooperacyjna oparta na wydarzeniach, jakie mia\u0142y miejsce w latach 1771 i 1772 w okolicach podkrakowskiego klasztoru benedykty\u0144skiego w Ty\u0144cu. Grupa \u017co\u0142nierzy konfederacji barskiej podst\u0119pem zaj\u0119\u0142a opactwo i zamieni\u0142a je w fortec\u0119. Atakowani min. przez wojska Rosyjskie nie tylko utrzymali Tyniec, ale r\u00f3wnie\u017c organizowali liczne wypady poza twierdz\u0119 (min. uda\u0142o im si\u0119 czasowo opanowa\u0107 Wawel).<\/p>\n<p>W grze gracze wcielaj\u0105 w oficer\u00f3w konfederackich. Ich zadaniem jest utrzymanie twierdzy przez ustalon\u0105 liczb\u0119 tur (zale\u017cn\u0105 od poziomu trudno\u015bci). Musz\u0105 dba\u0107 o aprowizacje swoich oddzia\u0142\u00f3w, wspiera\u0107 desperacko broni\u0105c\u0105 si\u0119 za\u0142og\u0119 Wawelu, utrzyma\u0107 morale w\u015br\u00f3d swoich \u017co\u0142nierzy i przede wszystkim zapobiec stratom w\u015br\u00f3d w\u0142asnych jednostek. Je\u017celi w dowolnym momencie rozgrywki w Ty\u0144cu zabraknie \u017co\u0142nierzy, twierdza pada i gracze przegrywaj\u0105. Wsp\u00f3\u0142praca, planowanie i odrobina szcz\u0119\u015bcia b\u0119d\u0105 konieczne, aby klasztor pozosta\u0142 niezwyci\u0119\u017cony.<\/p>\n<p>Podstawowe informacje:<br \/>\nTytu\u0142: &#8220;Proch i Stal&#8221;<br \/>\nLiczba Graczy: 1-4<br \/>\nCzas Rozgrywki: 30-60 minut (oko\u0142o 15 minut na gracza)<br \/>\nWiek: 10 lat i wi\u0119cej<\/p>\n","protected":false},"excerpt":{"rendered":"<p>W dniu 12 czerwca 2011 (w godzinach 15-18) odb\u0119dzie si\u0119 premiera nowej gry planszowej: \u201eProch i Stal\u201d (Wojciech Krupnik,\u00a0Wojciech W\u00f3jcik). B\u0119dzie ona mia\u0142a miejsce w Ty\u0144cu podczas V Dni Benedykty\u0144skich, kt\u00f3re w cz\u0119\u015bci b\u0119d\u0105 po\u015bwi\u0119cone konfederacji barskiej. W Ty\u0144cu opr\u00f3cz mo\u017cliwo\u015bci zagrania w gr\u0119 b\u0119dzie szansa zobaczenia i zagrania w wersj\u0119 wielkoformatow\u0105, zmierzenia si\u0119 z &#8230;<\/p>\n","protected":false},"author":199,"featured_media":0,"comment_status":"open","ping_status":"closed","sticky":false,"template":"","format":"standard","meta":{"cybocfi_hide_featured_image":"","footnotes":""},"categories":[],"tags":[],"post_folder":[],"class_list":["post-23111","post","type-post","status-publish","format-standard","hentry"],"_links":{"self":[{"href":"https:\/\/wp4wpuw.pedagog.uw.edu.pl\/test\/wp-json\/wp\/v2\/posts\/23111","targetHints":{"allow":["GET"]}}],"collection":[{"href":"https:\/\/wp4wpuw.pedagog.uw.edu.pl\/test\/wp-json\/wp\/v2\/posts"}],"about":[{"href":"https:\/\/wp4wpuw.pedagog.uw.edu.pl\/test\/wp-json\/wp\/v2\/types\/post"}],"author":[{"embeddable":true,"href":"https:\/\/wp4wpuw.pedagog.uw.edu.pl\/test\/wp-json\/wp\/v2\/users\/199"}],"replies":[{"embeddable":true,"href":"https:\/\/wp4wpuw.pedagog.uw.edu.pl\/test\/wp-json\/wp\/v2\/comments?post=23111"}],"version-history":[{"count":0,"href":"https:\/\/wp4wpuw.pedagog.uw.edu.pl\/test\/wp-json\/wp\/v2\/posts\/23111\/revisions"}],"wp:attachment":[{"href":"https:\/\/wp4wpuw.pedagog.uw.edu.pl\/test\/wp-json\/wp\/v2\/media?parent=23111"}],"wp:term":[{"taxonomy":"category","embeddable":true,"href":"https:\/\/wp4wpuw.pedagog.uw.edu.pl\/test\/wp-json\/wp\/v2\/categories?post=23111"},{"taxonomy":"post_tag","embeddable":true,"href":"https:\/\/wp4wpuw.pedagog.uw.edu.pl\/test\/wp-json\/wp\/v2\/tags?post=23111"},{"taxonomy":"post_folder","embeddable":true,"href":"https:\/\/wp4wpuw.pedagog.uw.edu.pl\/test\/wp-json\/wp\/v2\/post_folder?post=23111"}],"curies":[{"name":"wp","href":"https:\/\/api.w.org\/{rel}","templated":true}]}}