{"id":33019,"date":"2012-06-20T12:13:27","date_gmt":"2012-06-20T10:13:27","guid":{"rendered":"http:\/\/www.gamesfanatic.pl\/?p=33019"},"modified":"2023-01-14T23:29:01","modified_gmt":"2023-01-14T22:29:01","slug":"gramy-2012-zapowiedz-edycji-jesiennej","status":"publish","type":"post","link":"https:\/\/wp4wpuw.pedagog.uw.edu.pl\/test\/2012\/06\/20\/gramy-2012-zapowiedz-edycji-jesiennej\/","title":{"rendered":"GRAMY 2012 &#8211; zapowied\u017a edycji jesiennej"},"content":{"rendered":"<p><a href=\"\/wp-content\/uploads\/2012\/06\/tgiz2012-gramy.png\"><img loading=\"lazy\" decoding=\"async\" class=\"alignleft size-medium wp-image-33020\" title=\"GRAMY oraz Targi Gra i Zabawa\" src=\"\/wp-content\/uploads\/2012\/06\/tgiz2012-gramy-200x117.png\" alt=\"\" width=\"200\" height=\"117\" srcset=\"https:\/\/wp4wpuw.pedagog.uw.edu.pl\/test\/wp-content\/uploads\/2012\/06\/tgiz2012-gramy-200x117.png 200w, https:\/\/wp4wpuw.pedagog.uw.edu.pl\/test\/wp-content\/uploads\/2012\/06\/tgiz2012-gramy.png 230w\" sizes=\"auto, (max-width: 200px) 100vw, 200px\" \/><\/a>Serdecznie zapraszamy wszystkich mi\u0142o\u015bnik\u00f3w gier na pi\u0105t\u0105 edycj\u0119 Festiwalu GRAMY, kt\u00f3ry odb\u0119dzie si\u0119 w dniach <strong>17-18 listopada<\/strong>, tym razem<strong> w Gda\u0144sku<\/strong> &#8211; w czasie <a title=\"Targi Gra i Zabawa\" href=\"http:\/\/graizabawa.amberexpo.pl\" target=\"_blank\" rel=\"noopener\">Targ\u00f3w Gra i Zabawa<\/a>, w nowym kompleksie targowym Amberexpo.<!--more--><\/p>\n<p>W czasie Festiwalu jak zwykle dost\u0119pna b\u0119dzie najwi\u0119ksza w Polsce wypo\u017cyczalnia gier &#8211; <strong>ponad 700 gier planszowych<\/strong>, w kt\u00f3re b\u0119dzie mo\u017cna zagra\u0107 na miejscu. Najbardziej popularne gry b\u0119d\u0105 t\u0142umaczone przez nasz\u0105 obs\u0142ug\u0119 &#8211; tzw. \u017b\u00f3\u0142te Koszulki, kt\u00f3re na miejscu b\u0119d\u0105 poza tym pomaga\u0107 Wam, doradza\u0107 w wyborze gier, itp.<\/p>\n<p>Przez ca\u0142y czas b\u0119d\u0105 odbywa\u0142y si\u0119 tak\u017ce<strong> turnieje i konkursy<\/strong>, w kt\u00f3rych ka\u017cdy mo\u017ce wzi\u0105\u0107 udzia\u0142 (zasady gier t\u0142umaczymy zawsze przed turniejem) i wygra\u0107 liczne nagrody zapewnione przez naszych sponsor\u00f3w. Szczeg\u00f3\u0142owy program imprezy pojawi si\u0119 w okolicach pa\u017adziernika.<\/p>\n<p>Festiwal odbywa si\u0119 nieca\u0142y miesi\u0105c po najwi\u0119kszych targach gier planszowych na \u015bwiecie &#8211; SPIEL 2012 (Essen, Niemcy). Nasza za\u0142oga oczywi\u015bcie tam si\u0119 pojawi i przywiezie dla Was <strong>najgor\u0119tsze i najbardziej oczekiwane tytu\u0142y<\/strong>. B\u0119d\u0105 one prezentowane w specjalnej sali, gdzie w spokoju b\u0119dzie mo\u017cna si\u0119 z nimi zapozna\u0107.<\/p>\n<p>Dzi\u0119ki po\u0142\u0105czeniu <strong>GRAMY z Targami Gra i Zabawa<\/strong> &#8211; do Waszej dyspozycji b\u0119d\u0105 nowoczesne hale Amberexpo (oddane do u\u017cytku w tym roku) &#8211; oznacza to przede wszystkim znacznie wi\u0119cej miejsca do grania w komfortowych warunkach. Dodatkowo, w cenie tego samego biletu &#8211; b\u0119dziecie mogli wzi\u0105\u0107 udzia\u0142 w targach, na kt\u00f3rych zaprezentuj\u0105 si\u0119 najwa\u017cniejsi w Polsce wydawcy i dystrybutorzy gier planszowych i gdzie b\u0119dzie czeka\u0142o na Was tak\u017ce wiele atrakcji.<\/p>\n<p>Serdecznie zapraszamy!<\/p>\n<p><strong>Data<\/strong>: 17-18 listopada 2012<br \/>\n<strong>Godziny<\/strong>: sobota 10-18, niedziela 10-17<br \/>\n<strong>Miejsce<\/strong>:\u00a0 Centrum Wystawienniczo-Kongresowe AMBEREXPO,<br \/>\nul. \u017baglowa 11,\u00a0 Gda\u0144sk<br \/>\n<strong>Wst\u0119p<\/strong>: normalny 10 z\u0142, rodzinny 8 z\u0142 \/ dzie\u0144<\/p>\n<p>Wi\u0119cej informacji: <a href=\"http:\/\/www.festiwalgramy.com\" target=\"_blank\" rel=\"noopener\">http:\/\/www.festiwalgramy.com<\/a><\/p>\n<p>PS: Je\u017celi edycja GRAMY na Targach spotka si\u0119 z Waszym pozytywnym odbiorem, chcieliby\u015bmy aby edycje jesienne ju\u017c zawsze odbywa\u0142y si\u0119 w Gda\u0144sku, w takiej w\u0142a\u015bnie (bardziej targowej) formie. Wiosenne edycje GRAMY b\u0119d\u0105 nadal odbywa\u0142y si\u0119 w Gdyni w Pomorskim Parku Naukowo-Technologicznym. Na pocz\u0105tku 2013 oddan\u0105 zostane nowe, wi\u0119ksze budynki PPNT, gdzie warunki do grania tak\u017ce b\u0119d\u0105 \u015bwietne.<\/p>\n","protected":false},"excerpt":{"rendered":"<p>Serdecznie zapraszamy wszystkich mi\u0142o\u015bnik\u00f3w gier na pi\u0105t\u0105 edycj\u0119 Festiwalu GRAMY, kt\u00f3ry odb\u0119dzie si\u0119 w dniach 17-18 listopada, tym razem w Gda\u0144sku &#8211; w czasie Targ\u00f3w Gra i Zabawa, w nowym kompleksie targowym Amberexpo.<\/p>\n","protected":false},"author":106,"featured_media":0,"comment_status":"open","ping_status":"closed","sticky":false,"template":"","format":"standard","meta":{"cybocfi_hide_featured_image":"","footnotes":""},"categories":[],"tags":[],"post_folder":[],"class_list":["post-33019","post","type-post","status-publish","format-standard","hentry"],"_links":{"self":[{"href":"https:\/\/wp4wpuw.pedagog.uw.edu.pl\/test\/wp-json\/wp\/v2\/posts\/33019","targetHints":{"allow":["GET"]}}],"collection":[{"href":"https:\/\/wp4wpuw.pedagog.uw.edu.pl\/test\/wp-json\/wp\/v2\/posts"}],"about":[{"href":"https:\/\/wp4wpuw.pedagog.uw.edu.pl\/test\/wp-json\/wp\/v2\/types\/post"}],"author":[{"embeddable":true,"href":"https:\/\/wp4wpuw.pedagog.uw.edu.pl\/test\/wp-json\/wp\/v2\/users\/106"}],"replies":[{"embeddable":true,"href":"https:\/\/wp4wpuw.pedagog.uw.edu.pl\/test\/wp-json\/wp\/v2\/comments?post=33019"}],"version-history":[{"count":0,"href":"https:\/\/wp4wpuw.pedagog.uw.edu.pl\/test\/wp-json\/wp\/v2\/posts\/33019\/revisions"}],"wp:attachment":[{"href":"https:\/\/wp4wpuw.pedagog.uw.edu.pl\/test\/wp-json\/wp\/v2\/media?parent=33019"}],"wp:term":[{"taxonomy":"category","embeddable":true,"href":"https:\/\/wp4wpuw.pedagog.uw.edu.pl\/test\/wp-json\/wp\/v2\/categories?post=33019"},{"taxonomy":"post_tag","embeddable":true,"href":"https:\/\/wp4wpuw.pedagog.uw.edu.pl\/test\/wp-json\/wp\/v2\/tags?post=33019"},{"taxonomy":"post_folder","embeddable":true,"href":"https:\/\/wp4wpuw.pedagog.uw.edu.pl\/test\/wp-json\/wp\/v2\/post_folder?post=33019"}],"curies":[{"name":"wp","href":"https:\/\/api.w.org\/{rel}","templated":true}]}}