{"id":369114,"date":"2016-02-11T12:00:02","date_gmt":"2016-02-11T11:00:02","guid":{"rendered":"http:\/\/www.gamesfanatic.pl\/?p=369114"},"modified":"2017-12-23T21:16:44","modified_gmt":"2017-12-23T20:16:44","slug":"konwent-strategos-cos-dla-fanow-gier-i-historii","status":"publish","type":"post","link":"https:\/\/wp4wpuw.pedagog.uw.edu.pl\/test\/2016\/02\/11\/konwent-strategos-cos-dla-fanow-gier-i-historii\/","title":{"rendered":"Konwent \u201eStrategos\u201d &#8211; co\u015b dla fan\u00f3w gier i historii"},"content":{"rendered":"<p><a href=\"\/wp-content\/uploads\/2016\/02\/konwent-strategos.jpg\"><img loading=\"lazy\" decoding=\"async\" class=\"size-medium wp-image-369226 alignleft\" src=\"\/wp-content\/uploads\/2016\/02\/konwent-strategos-200x148.jpg\" alt=\"Konwent Strategos\" width=\"200\" height=\"148\" srcset=\"https:\/\/wp4wpuw.pedagog.uw.edu.pl\/test\/wp-content\/uploads\/2016\/02\/konwent-strategos-200x148.jpg 200w, https:\/\/wp4wpuw.pedagog.uw.edu.pl\/test\/wp-content\/uploads\/2016\/02\/konwent-strategos.jpg 960w\" sizes=\"auto, (max-width: 200px) 100vw, 200px\" \/><\/a>Ju\u017c za 8 dni w stolicy rozpocznie si\u0119 Warszawski Konwent Gier Historycznych \u201eStrategos\u201d obj\u0119ty patronatem medialnym <strong>Games Fanatic<\/strong>. Zach\u0119camy do odwiedzin wszystkich fan\u00f3w gier planszowych i mi\u0142o\u015bnik\u00f3w historii &#8211; z pewno\u015bci\u0105 b\u0119dzie ciekawie. Gar\u015b\u0107 informacji o konwencie przes\u0142a\u0142 nam jeden z organizator\u00f3w imprezy &#8211; <em> Ryszard Kita. <\/em>Zapraszamy wi\u0119c do lektury.<\/p>\n<p><!--more--><\/p>\n<p>&nbsp;<\/p>\n<p><strong>Gdzie?<\/strong><\/p>\n<p>Impreza odbywa si\u0119 w klubie \u201eAgresor\u201d na Wydziale Instalacji Budowlanych, Hydrotechniki i In\u017cynierii \u015arodowiska Politechniki Warszawskiej przy ul. Nowowiejskiej 20 w Warszawie.<\/p>\n<p><strong>Kiedy?<\/strong><\/p>\n<p>19 lutego (pi\u0105tek) \u2013 godz. 16.00-23.00<\/p>\n<p>20 lutego (sobota) \u2013 godz. 10.00-23.00<\/p>\n<p>21 lutego (niedziela) \u2013 godz. 10.00-21.30<\/p>\n<p>Impreza ma charakter otwarty. Nie trzeba si\u0119 nigdzie rejestrowa\u0107. Jedynie w przypadku wydawc\u00f3w organizator oczekuje wcze\u015bniejszego zg\u0142oszenia.<\/p>\n<p>Wst\u0119p na imprez\u0119 jest bezp\u0142atny. Przewidujemy jedynie niewielk\u0105 zrzutk\u0119 na kaw\u0119 i herbat\u0119 (2-3 z\u0142). Obowi\u0105zuje ona wszystkich uczestnik\u00f3w, kt\u00f3rzy b\u0119d\u0105 grali na imprezie, i widz\u00f3w, kt\u00f3rzy zostaj\u0105 na niej d\u0142u\u017cej ni\u017c godzin\u0119 b\u0105d\u017a b\u0119d\u0105 korzysta\u0107 z k\u0105cika z kaw\u0105 i herbat\u0105.<\/p>\n<p>W sobot\u0119 podczas imprezy odb\u0119dzie si\u0119 turniej gry \u201e<em>Stawka wi\u0119ksza ni\u017c \u017cycie<\/em>\u201d organizowany przez wydawc\u00f3w gry \u2013 wydawnictwo <em>Inte-gra i TVP S.A.<\/em> W sobot\u0119 b\u0119dzie te\u017c z nami wydawnictwo <em>Fabryka Gier Historycznych<\/em>. Ponadto podczas imprezy b\u0119d\u0105 obecni autorzy gier historycznych:<\/p>\n<p>&#8211; <em>Krzysztof Dytczak z gr\u0105 \u201eRace to Berlin\u201d (wyd. Gry Leonardo)<\/em><\/p>\n<p><em>&#8211; Ryszard Kita z gr\u0105 \u201eOstro\u0142\u0119ka 26 maja 1831\u201d (wyd. Instytut Wydawniczy Erica)<\/em><\/p>\n<p><em>&#8211; Micha\u0142 Matusiewicz z gr\u0105 \u201eZdobywcy Italii\u201d <\/em><\/p>\n<p><em>&#8211; Micha\u0142 Stachura z gr\u0105 \u201eOrze\u0142, Lew i Lilie\u201d.<\/em><\/p>\n<p>Naszymi go\u015b\u0107mi specjalnymi b\u0119d\u0105 autorzy gier wydawnictw <em>Dragon i Mirage: Dariusz G\u00f3ralski (\u201eGrunwald 1410\u201d, \u201eTannenberg 1914\u201d, \u201eWaterloo 1815\u201d, \u201eWiede\u0144 1683\u201d) i Marcin Sowa (\u201eBudapeszt 1945\u201d)<\/em>.<\/p>\n<p><strong>Charakter imprezy<\/strong><\/p>\n<p><em>Warszawski Konwent Gier Historycznych \u201eStrategos\u201d <\/em>to impreza po\u015bwi\u0119cona planszowym grom historycznym. Gry historyczne to takie, kt\u00f3re staraj\u0105 si\u0119 \u201esymulowa\u0107\u201d histori\u0119 oraz zawieraj\u0105 w sobie pewien \u0142adunek informacji historycznej. Dodatkowym kryterium mo\u017ce by\u0107 wyst\u0119powanie w grze tego co okre\u015blane bywa jako \u201eklimat historyczny\u201d. Impreza jest adresowana do wszystkich, kt\u00f3rzy w takie gry grywaj\u0105, jak r\u00f3wnie\u017c do tych, kt\u00f3rzy nie mieli dotychczas okazji, a chcieliby spr\u00f3bowa\u0107. Jednocze\u015bnie zaznaczamy, \u017ce nie jest to impreza po\u015bwi\u0119cona \u201ewszelkim grom planszowym w og\u00f3le\u201d. Nie przewidujemy na konwencie obecno\u015bci eurogier. Nie zajmujemy si\u0119 te\u017c na tej imprezie grami bitewnymi (figurkowymi), z wyj\u0105tkiem planszowych gier historycznych wykorzystuj\u0105cych figurki. Jako planszowe gry historyczne traktujemy natomiast gry karciane, cho\u0107 \u015bci\u015ble rzecz bior\u0105c nie s\u0105 one grami planszowymi. Celem konwentu jest promocja gier historycznych oraz wydawc\u00f3w i autor\u00f3w tworz\u0105cych tego typu gry, a tak\u017ce stworzenie mi\u0142o\u015bnikom gier historycznych dogodnego miejsca, gdzie b\u0119d\u0105 mogli spotka\u0107 si\u0119 w wi\u0119kszym gronie nad plansz\u0105.<\/p>\n<p><strong>Oficjalna strona imprezy:<\/strong><\/p>\n<p><a href=\"http:\/\/strategos.waw.pl\/\">www.strategos.waw.pl<\/a><\/p>\n<p><strong>Profil imprezy na Facebooku:<\/strong><\/p>\n<p><a href=\"https:\/\/www.facebook.com\/Strategos-Warszawski-Konwent-Gier-Historycznych-168846433483808\/?fref=ts\">https:\/\/www.facebook.com\/Strategos-Warszawski-Konwent-Gier-Historycznych-168846433483808\/?fref=ts<\/a><\/p>\n<p><strong>Profil wydarzenia (I edycji) na Facebooku:<\/strong><\/p>\n<p><a href=\"https:\/\/www.facebook.com\/events\/558518924317228\/\">https:\/\/www.facebook.com\/events\/558518924317228\/<\/a><\/p>\n<p><strong>Dyskusja o konwencie na Forum Strategie:<\/strong><\/p>\n<p><a href=\"http:\/\/strategie.net.pl\/viewtopic.php?f=116&amp;t=15518\">http:\/\/strategie.net.pl\/viewtopic.php?f=116&amp;t=15518<\/a><\/p>\n<p>Zapraszamy!<\/p>\n","protected":false},"excerpt":{"rendered":"<p>Ju\u017c za 8 dni w stolicy rozpocznie si\u0119 Warszawski Konwent Gier Historycznych \u201eStrategos\u201d obj\u0119ty patronatem medialnym Games Fanatic. Zach\u0119camy do odwiedzin wszystkich fan\u00f3w gier planszowych i mi\u0142o\u015bnik\u00f3w historii &#8211; z pewno\u015bci\u0105 b\u0119dzie ciekawie. Gar\u015b\u0107 informacji o konwencie przes\u0142a\u0142 nam jeden z organizator\u00f3w imprezy &#8211; Ryszard Kita. Zapraszamy wi\u0119c do lektury.<\/p>\n","protected":false},"author":8850,"featured_media":369226,"comment_status":"open","ping_status":"closed","sticky":false,"template":"","format":"standard","meta":{"cybocfi_hide_featured_image":"","footnotes":""},"categories":[],"tags":[],"post_folder":[],"class_list":["post-369114","post","type-post","status-publish","format-standard","has-post-thumbnail","hentry"],"_links":{"self":[{"href":"https:\/\/wp4wpuw.pedagog.uw.edu.pl\/test\/wp-json\/wp\/v2\/posts\/369114","targetHints":{"allow":["GET"]}}],"collection":[{"href":"https:\/\/wp4wpuw.pedagog.uw.edu.pl\/test\/wp-json\/wp\/v2\/posts"}],"about":[{"href":"https:\/\/wp4wpuw.pedagog.uw.edu.pl\/test\/wp-json\/wp\/v2\/types\/post"}],"author":[{"embeddable":true,"href":"https:\/\/wp4wpuw.pedagog.uw.edu.pl\/test\/wp-json\/wp\/v2\/users\/8850"}],"replies":[{"embeddable":true,"href":"https:\/\/wp4wpuw.pedagog.uw.edu.pl\/test\/wp-json\/wp\/v2\/comments?post=369114"}],"version-history":[{"count":0,"href":"https:\/\/wp4wpuw.pedagog.uw.edu.pl\/test\/wp-json\/wp\/v2\/posts\/369114\/revisions"}],"wp:featuredmedia":[{"embeddable":true,"href":"https:\/\/wp4wpuw.pedagog.uw.edu.pl\/test\/wp-json\/wp\/v2\/media\/369226"}],"wp:attachment":[{"href":"https:\/\/wp4wpuw.pedagog.uw.edu.pl\/test\/wp-json\/wp\/v2\/media?parent=369114"}],"wp:term":[{"taxonomy":"category","embeddable":true,"href":"https:\/\/wp4wpuw.pedagog.uw.edu.pl\/test\/wp-json\/wp\/v2\/categories?post=369114"},{"taxonomy":"post_tag","embeddable":true,"href":"https:\/\/wp4wpuw.pedagog.uw.edu.pl\/test\/wp-json\/wp\/v2\/tags?post=369114"},{"taxonomy":"post_folder","embeddable":true,"href":"https:\/\/wp4wpuw.pedagog.uw.edu.pl\/test\/wp-json\/wp\/v2\/post_folder?post=369114"}],"curies":[{"name":"wp","href":"https:\/\/api.w.org\/{rel}","templated":true}]}}