{"id":41823,"date":"2013-11-21T09:58:38","date_gmt":"2013-11-21T08:58:38","guid":{"rendered":"http:\/\/www.gamesfanatic.pl\/?p=41823"},"modified":"2013-11-21T10:53:08","modified_gmt":"2013-11-21T09:53:08","slug":"karol-madaj-odznaczony-zlotym-krzyzem-zaslugi","status":"publish","type":"post","link":"https:\/\/wp4wpuw.pedagog.uw.edu.pl\/test\/2013\/11\/21\/karol-madaj-odznaczony-zlotym-krzyzem-zaslugi\/","title":{"rendered":"Karol Madaj odznaczony Z\u0142otym Krzy\u017cem Zas\u0142ugi"},"content":{"rendered":"<p><a href=\"\/wp-content\/uploads\/2013\/11\/IMG_4859.jpg\"><img loading=\"lazy\" decoding=\"async\" class=\"alignleft size-medium wp-image-41827\" alt=\"IMG_4859\" src=\"\/wp-content\/uploads\/2013\/11\/IMG_4859-133x200.jpg\" width=\"133\" height=\"200\" srcset=\"https:\/\/wp4wpuw.pedagog.uw.edu.pl\/test\/wp-content\/uploads\/2013\/11\/IMG_4859-133x200.jpg 133w, https:\/\/wp4wpuw.pedagog.uw.edu.pl\/test\/wp-content\/uploads\/2013\/11\/IMG_4859-682x1024.jpg 682w, https:\/\/wp4wpuw.pedagog.uw.edu.pl\/test\/wp-content\/uploads\/2013\/11\/IMG_4859.jpg 1238w\" sizes=\"auto, (max-width: 133px) 100vw, 133px\" \/><\/a>Karol Madaj odpowiedzialny za takie tytu\u0142y jak <strong>Kolejka<\/strong>, <strong>303<\/strong>, <strong>111<\/strong>, <strong>ZnajZnak<\/strong> czy <strong>Letnisko<\/strong> w dniu wczorajszym zosta\u0142y odznaczony <a href=\"http:\/\/www.prezydent.pl\/prezydent\/kompetencje\/ordery-i-odznaczenia\/odznaczenia\/krzyz-zaslugi\/\">Z\u0142otym Krzy\u017cem Zas\u0142ugi<\/a> przez prezydenta RP Bronis\u0142awa Komorowskiego. Jest to odznaczenie pa\u0144stwowe\u00a0 nadawane osobom, kt\u00f3re <em>&#8220;po\u0142o\u017cy\u0142y zas\u0142ugi dla pa\u0144stwa lub obywateli spe\u0142niaj\u0105c czyny przekraczaj\u0105ce zakres ich zwyk\u0142ych obowi\u0105zk\u00f3w&#8221;<\/em>.\u00a0 Spotkali\u015bmy Karola wczoraj na imprezie promocyjnej gry CV i nam\u00f3wili\u015bmy na kr\u00f3tki wywiad.<\/p>\n<p><!--more--><\/p>\n<p><strong>Piotr Si\u0142ka:<\/strong> <strong>Karolu po pierwsze gratulacje. Czy mo\u017cesz nam przytoczy\u0107 dok\u0142adne<\/strong> <strong>uzasadnienie?<\/strong><\/p>\n<p>Karol Madaj: Dzi\u0119kuj\u0119! W oficjalnym uzasadnieniu Pan Prezydent pisa\u0142 o \u201ezas\u0142ugach w budowaniu \u015bwiadomo\u015bci historycznej i patriotycznej\u201d.<\/p>\n<p><strong>Czyli nie inaczej jak za projektowanie plansz\u00f3wek. To chyba pierwszy taki przypadek w historii tego odznaczenia!<\/strong><\/p>\n<p>Tak, to \u017ce Z\u0142oty Krzy\u017c Zas\u0142ugi zosta\u0142 mi przyznany w uznaniu za zaprojektowane gry dosta\u0142o dopowiedziane podczas przypinania odznaczenia. Jestem prawdopodobnie jedynym urz\u0119dnikiem pa\u0144stwowym do kt\u00f3rego obowi\u0105zk\u00f3w nale\u017cy projektowanie gier planszowych, wi\u0119c to chyba faktycznie jedyny taki przypadek.<\/p>\n<p><strong>To ile ju\u017c czas pracujesz w IPN-ie? Jak wspominasz pocz\u0105tki i sk\u0105d pomys\u0142 na tak\u0105 form\u0119 edukacji historycznej?<\/strong><\/p>\n<p>W marcu b\u0119d\u0119 \u015bwi\u0119towa\u0142 6-lecie mojej pracy w IPN. Pocz\u0105tki wspominam bardzo mi\u0142o. Po kilku latach pracy fizycznej rejestrowanie wniosk\u00f3w by\u0142o prawdziw\u0105 przyjemno\u015bci\u0105. Powoli anga\u017cowa\u0142em si\u0119 w prace merytoryczne dotycz\u0105ce g\u0142\u00f3wnie temat\u00f3w \u017cydowskich. Z czasem wpad\u0142em na pomys\u0142 projektowania gier edukacyjnych, kt\u00f3ry od razu spotka\u0142 si\u0119 aprobat\u0105 moich prze\u0142o\u017conych (w tym miejscu chcia\u0142bym bardzo podzi\u0119kowa\u0107 panu Andrzejowi Zawistowskiemu, kt\u00f3ry wspiera\u0142 mnie w tym projekcie od samego pocz\u0105tku, najpierw jako Naczelnik Wydzia\u0142u Edukacji Historycznej, potem zca. dyrektora i dyrektor Biura Edukacji Publicznej). Zna\u0142em ju\u017c wtedy kilka nowoczesnych plansz\u00f3wek, ale nie wiedzia\u0142em o istnieniu GF, forum gry-planszowe i spo\u0142eczno\u015bci graczy. Zosta\u0142em do niej zaproszony dopiero po wydaniu\u00a0 dw\u00f3ch gier, w czasie test\u00f3w 303 i Kolejki. Od momentu wst\u0105pienia do Monsoon Group moje projekty nabra\u0142y wiatru w \u017cagle&#8230; a nak\u0142ad gier IPN testowanych przez\u00a0 grup\u0119 wynosi p\u00f3ki co 150 000 egz.<\/p>\n<p><strong>Policzy\u0142e\u015b ile dok\u0142adnie ju\u017c si\u0119 sprzeda\u0142o kopii Kolejki? Kiedy kolejny<\/strong> <strong>nak\u0142ad i czy szykujesz kolejne wersje j\u0119zykowe?<\/strong><\/p>\n<p>Do tej pory sprzeda\u0142o si\u0119 na pewno ponad 80 000 egz. W grudniu pojawi si\u0119 si\u00f3dme wydanie. Jak dot\u0105d Kolejka zosta\u0142a wydana w 8 j\u0119zykach. Ostatnio po rumu\u0144sku, we wtorek b\u0119d\u0119 w Bukareszcie na promocji tej edycji. My\u015blimy o nowych j\u0119zykach, zainteresowani s\u0105 g\u0142\u00f3wnie wydawcy z kraj\u00f3w by\u0142ego Bloku Wschodniego, ale na razie nie mog\u0119 zdradzi\u0107 szczeg\u00f3\u0142\u00f3w.<\/p>\n<p><strong>Min\u0105\u0142 termin przesy\u0142ania zg\u0142osze\u0144 w konkursie na nazw\u0119 nowej gry w klimacie Kolejki. Przysz\u0142o du\u017co sugestii?<\/strong><\/p>\n<p>Bardzo du\u017co, naliczyli\u015bmy 391 osobo-propozycji. Wyb\u00f3r na pewno nie b\u0119dzie \u0142atwy, tym niemniej ju\u017c teraz bardzo dzi\u0119kuj\u0119 wszystkim czytelnikom GF za udzia\u0142 w konkursie. Wyniki g\u0142osimy do ko\u0144ca listopada.<\/p>\n<p><strong>Opr\u00f3cz tego tytu\u0142u,\u00a0 czy mo\u017cesz zdradzi\u0107 jakich kolejnych gier wydanych przez IPN mo\u017cemy si\u0119 spodziewa\u0107 si\u0119 w kolejnym roku?<\/strong><\/p>\n<p>W przysz\u0142ym roku IPN wyda dwuj\u0119zyczn\u0105 gr\u0119 \u201eZnajZnak \u2013 Monte Cassino\u201d. B\u0119dzie to gra w formacie kieszonkowym promuj\u0105ca w Polsce i na Zachodzie wk\u0142ad \u017co\u0142nierzy gen. Andersa w tej kluczowej dla II wojny \u015bwiatowej bitwie. Poza tym w trakcie test\u00f3w jest prototyp gry \u201e7\u201d, kt\u00f3ra domknie trylogi\u0119 ze \u201e111\u201d i \u201e303\u201d. Samoloty 7. Eskadry My\u015bliwskiej\u00a0 (w kt\u00f3rej narodzi\u0142o si\u0119 god\u0142o u\u017cywane potem przez 111. Eskadr\u0119 i Dywizjon 303),\u00a0 podczas wojny polsko-bolszewickiej przez kilka dni skutecznie wstrzymywa\u0142y poch\u00f3d kilkunastotysi\u0119cznej armii konnej na Lw\u00f3w. W walce my\u015bliwc\u00f3w z kawaleri\u0105 nie b\u0119dzie miejsca na symetri\u0119&#8230;<\/p>\n<p><strong>A ju\u017c poza prac\u0105 co\u015b szykujesz dla graczy?<\/strong><\/p>\n<p>Mam kilka prototyp\u00f3w na warsztacie, ale wydania planowane s\u0105 dopiero na przysz\u0142y rok.<\/p>\n<p><strong>Gratuluje jeszcze raz i \u017cyczymy wielu wydanych gier!<\/strong><\/p>\n<p><em>(Autor zdj\u0119cia: Board Game Girl).<\/em><\/p>\n","protected":false},"excerpt":{"rendered":"<p>Karol Madaj odpowiedzialny za takie tytu\u0142y jak Kolejka, 303, 111, ZnajZnak czy Letnisko w dniu wczorajszym zosta\u0142y odznaczony Z\u0142otym Krzy\u017cem Zas\u0142ugi przez prezydenta RP Bronis\u0142awa Komorowskiego. Jest to odznaczenie pa\u0144stwowe\u00a0 nadawane osobom, kt\u00f3re &#8220;po\u0142o\u017cy\u0142y zas\u0142ugi dla pa\u0144stwa lub obywateli spe\u0142niaj\u0105c czyny przekraczaj\u0105ce zakres ich zwyk\u0142ych obowi\u0105zk\u00f3w&#8221;.\u00a0 Spotkali\u015bmy Karola wczoraj na imprezie promocyjnej gry CV i &#8230;<\/p>\n","protected":false},"author":549,"featured_media":0,"comment_status":"open","ping_status":"closed","sticky":false,"template":"","format":"standard","meta":{"cybocfi_hide_featured_image":"","footnotes":""},"categories":[],"tags":[],"post_folder":[],"class_list":["post-41823","post","type-post","status-publish","format-standard","hentry"],"_links":{"self":[{"href":"https:\/\/wp4wpuw.pedagog.uw.edu.pl\/test\/wp-json\/wp\/v2\/posts\/41823","targetHints":{"allow":["GET"]}}],"collection":[{"href":"https:\/\/wp4wpuw.pedagog.uw.edu.pl\/test\/wp-json\/wp\/v2\/posts"}],"about":[{"href":"https:\/\/wp4wpuw.pedagog.uw.edu.pl\/test\/wp-json\/wp\/v2\/types\/post"}],"author":[{"embeddable":true,"href":"https:\/\/wp4wpuw.pedagog.uw.edu.pl\/test\/wp-json\/wp\/v2\/users\/549"}],"replies":[{"embeddable":true,"href":"https:\/\/wp4wpuw.pedagog.uw.edu.pl\/test\/wp-json\/wp\/v2\/comments?post=41823"}],"version-history":[{"count":0,"href":"https:\/\/wp4wpuw.pedagog.uw.edu.pl\/test\/wp-json\/wp\/v2\/posts\/41823\/revisions"}],"wp:attachment":[{"href":"https:\/\/wp4wpuw.pedagog.uw.edu.pl\/test\/wp-json\/wp\/v2\/media?parent=41823"}],"wp:term":[{"taxonomy":"category","embeddable":true,"href":"https:\/\/wp4wpuw.pedagog.uw.edu.pl\/test\/wp-json\/wp\/v2\/categories?post=41823"},{"taxonomy":"post_tag","embeddable":true,"href":"https:\/\/wp4wpuw.pedagog.uw.edu.pl\/test\/wp-json\/wp\/v2\/tags?post=41823"},{"taxonomy":"post_folder","embeddable":true,"href":"https:\/\/wp4wpuw.pedagog.uw.edu.pl\/test\/wp-json\/wp\/v2\/post_folder?post=41823"}],"curies":[{"name":"wp","href":"https:\/\/api.w.org\/{rel}","templated":true}]}}