{"id":41870,"date":"2013-11-23T10:34:08","date_gmt":"2013-11-23T09:34:08","guid":{"rendered":"http:\/\/www.gamesfanatic.pl\/?p=41870"},"modified":"2013-11-22T16:41:44","modified_gmt":"2013-11-22T15:41:44","slug":"essen-2013-wspomnienia-wydawnictw-axel-i-tactic","status":"publish","type":"post","link":"https:\/\/wp4wpuw.pedagog.uw.edu.pl\/test\/2013\/11\/23\/essen-2013-wspomnienia-wydawnictw-axel-i-tactic\/","title":{"rendered":"Essen 2013 &#8211; wspomnienia wydawnictw Axel i Tactic"},"content":{"rendered":"<p style=\"text-align: justify;\"><a href=\"\/wp-content\/uploads\/2013\/11\/essen1.jpg\"><img loading=\"lazy\" decoding=\"async\" class=\"alignleft size-full wp-image-41330\" alt=\"essen\" src=\"\/wp-content\/uploads\/2013\/11\/essen1.jpg\" width=\"180\" height=\"72\" \/><\/a>Zapraszamy do kolejny wspomnie\u0144 z minionych targ\u00f3w SPIEL 2013 . Tym razem wra\u017ceniami dziel\u0105 si\u0119 z nami Marcin Tomczyk z wydawnictwa Axel, oraz \u0141ukasz \u0141asocha z wydawnictw Tactic.<\/p>\n<p style=\"text-align: justify;\"><!--more--><\/p>\n<h3 style=\"text-align: justify;\"><a href=\"http:\/\/www.axel.pl\/\">Marcin Tomczyk (Axel)<\/a><\/h3>\n<p style=\"text-align: justify;\">Tegoroczne targi w Essen by\u0142y naszym drugim wyst\u0119pem na tym najwi\u0119kszym europejskim festiwalu gier. Ponownie zebrali\u015bmy du\u017cy baga\u017c do\u015bwiadczenia, nawi\u0105zali\u015bmy wiele nowych kontakt\u00f3w i poznali\u015bmy ciekawych ludzi.<a href=\"\/wp-content\/uploads\/2010\/02\/logo-axel.gif\"><img loading=\"lazy\" decoding=\"async\" class=\"alignright size-full wp-image-15274\" alt=\"Axel\" src=\"\/wp-content\/uploads\/2010\/02\/logo-axel.gif\" width=\"165\" height=\"108\" \/><\/a><\/p>\n<p style=\"text-align: justify;\"><strong>Najwi\u0119kszy hit<\/strong><\/p>\n<p style=\"text-align: justify;\">Bez w\u0105tpienia Nations &#8211; ludzie uwielbiaj\u0105 gry cywilizacyjne i chyba ci\u0105gle czekaj\u0105 na gr\u0119 kt\u00f3ra w tej kategorii zdetronizuje TTA st\u0105d du\u017ce zainteresowanie i sprzeda\u017c tego tytu\u0142u.\u00a0 Ja osobi\u015bcie \u017ca\u0142uj\u0119 \u017ce grafiki s\u0105 jakie s\u0105, ale c\u00f3\u017c nie mo\u017cna mie\u0107 podobno wszystkiego&#8230; World Of Tanks \u2013 &#8220;sieci\u00f3wka&#8221;,\u00a0 przeniesiona na st\u00f3\u0142 przez Hobby World, b\u0142yskawicznie znik\u0142a z p\u00f3\u0142ek na ich stoisko. W pi\u0105tek wieczorem poszed\u0142em zagra\u0107 i mo\u017ce kupi\u0107, niestety ju\u017c nie by\u0142o \u017cadnego egzemplarza. Najwi\u0119kszym hitem naszego stoiska byli oczywi\u015bcie Herosi, w pierwsze dwa dni sprzedali\u015bmy ca\u0142y zabrany do Essen nak\u0142ad (kilkaset sztuk).<\/p>\n<p style=\"text-align: justify;\"><strong>Najwi\u0119ksze rozczarowanie<\/strong><\/p>\n<p style=\"text-align: justify;\">Trasa z Krakowa do granicy, tragedia by\u0142a jaka\u015b pot\u0119\u017cna kraksa na autostradzie i stali\u015bmy w mega korku, zamiast wieczorem dotarli\u015bmy do Essen o p\u00f3\u0142nocy. Na samych targach jakiego\u015b wi\u0119kszego rozczarowania nie by\u0142o, nie do ko\u0144ca przekona\u0142y mnie do siebie nowe hale, wola\u0142em ten dawny uk\u0142ad. W \u015brod\u0119 szwankowa\u0142a troch\u0119 organizacja, panie z obs\u0142ugi troch\u0119 nas podsy\u0142a\u0142y do siebie nawzajem zanim uda\u0142o nam si\u0119 wszystko za\u0142atwi\u0107. Z gier rozczarowa\u0142 mnie tytu\u0142 Lost Legends \u2013 oczekiwa\u0142em du\u017co a gra okazuje si\u0119 by\u0107 tylko poprawna.<\/p>\n<p style=\"text-align: justify;\"><strong>Najwi\u0119ksza niespodzianka<\/strong><\/p>\n<p style=\"text-align: justify;\">Nie wiem czy co\u015b zas\u0142uguje na miano niespodzianki. T\u0142umny udzia\u0142 polskich firm cieszy ale wiedzia\u0142em o nim wcze\u015bniej wiec nie by\u0142a to niespodzianka. Nie trafi\u0142em te\u017c na \u017cadn\u0105 niespodziewan\u0105 gr\u0119 \u2013 czas nie pozwala\u0142 na dok\u0142adne sprawdzenie r\u00f3\u017cnych ma\u0142o znanych i reklamowanych tytu\u0142\u00f3w, w\u015br\u00f3d kt\u00f3rych mog\u0142a kry\u0107 si\u0119 w\u0142a\u015bnie taka niespodzianka.<\/p>\n<p style=\"text-align: justify;\">\u00a0Mam nadziej\u0119 ze kolejne targi b\u0119d\u0105 jeszcze bardziej udane dla nas i innych polskich firm i to wtedy b\u0119dzie prawdziwa niespodzianka!<\/p>\n\n        <style type='text\/css'>\n            #gallery-1 {\n                margin: auto;\n            }\n            #gallery-1 .gallery-item {\n                float: left;\n                margin-top: 10px;\n                text-align: center;\n                width: 50%;           }\n            #gallery-1 img {\n                border: 2px solid #cfcfcf;\n            }\n            #gallery-1 .gallery-caption {\n                margin-left: 0;\n            }\n        <\/style>\n        <!-- see gallery_shortcode() in wp-includes\/media.php -->\n        <div id='gallery-1' class='gallery-images gallery galleryid-41870'><dl class='gallery-item'>\n            <dt class='gallery-icon'>\n                <a href='https:\/\/wp4wpuw.pedagog.uw.edu.pl\/test\/wp-content\/uploads\/2013\/10\/Axel2.jpg'><img loading=\"lazy\" decoding=\"async\" width=\"150\" height=\"150\" src=\"https:\/\/wp4wpuw.pedagog.uw.edu.pl\/test\/wp-content\/uploads\/2013\/10\/Axel2-150x150.jpg\" class=\"attachment-thumbnail size-thumbnail\" alt=\"\" \/><\/a>\n            <\/dt><\/dl><dl class='gallery-item'>\n            <dt class='gallery-icon'>\n                <a href='https:\/\/wp4wpuw.pedagog.uw.edu.pl\/test\/wp-content\/uploads\/2013\/10\/axel11.jpg'><img loading=\"lazy\" decoding=\"async\" width=\"150\" height=\"150\" src=\"https:\/\/wp4wpuw.pedagog.uw.edu.pl\/test\/wp-content\/uploads\/2013\/10\/axel11-150x150.jpg\" class=\"attachment-thumbnail size-thumbnail\" alt=\"\" \/><\/a>\n            <\/dt><\/dl><br style=\"clear: both\" \/>\n            <br style='clear: both;' \/>\n        <\/div>\n\n<h3 style=\"text-align: justify;\"><a href=\"http:\/\/www.tactic.net\/\"><strong>\u0141ukasz \u0141asocha (Tactic)<\/strong><\/a><\/h3>\n<p style=\"text-align: justify;\">Moje tegoroczne wspomnienie z Essen b\u0119dzie bardzo nietypowe, poniewa\u017c:<a href=\"\/wp-content\/uploads\/2013\/11\/Logo_main.jpg\"><img loading=\"lazy\" decoding=\"async\" class=\"alignright size-medium wp-image-41871\" alt=\"tactic\" src=\"\/wp-content\/uploads\/2013\/11\/Logo_main-200x89.jpg\" width=\"200\" height=\"89\" srcset=\"https:\/\/wp4wpuw.pedagog.uw.edu.pl\/test\/wp-content\/uploads\/2013\/11\/Logo_main-200x89.jpg 200w, https:\/\/wp4wpuw.pedagog.uw.edu.pl\/test\/wp-content\/uploads\/2013\/11\/Logo_main-1024x457.jpg 1024w, https:\/\/wp4wpuw.pedagog.uw.edu.pl\/test\/wp-content\/uploads\/2013\/11\/Logo_main.jpg 1262w\" sizes=\"auto, (max-width: 200px) 100vw, 200px\" \/><\/a><\/p>\n<p style=\"text-align: justify;\">\u00a0a) pierwszy raz jecha\u0142em do Essen jako wystawca,<\/p>\n<p style=\"text-align: justify;\">\u00a0b) Tactic Games zdecydowa\u0142 si\u0119 na eksperyment i pokazywali\u015bmy tylko nasz najnowszy brand \u2013 Mindwarrior Games.<\/p>\n<p style=\"text-align: justify;\">Ju\u017c w \u015brod\u0119 dopad\u0142 mnie pierwszy stres. By\u0142em odpowiedzialny za nowo\u015bci, a Niemcy wymy\u015blili, \u017ce Novety Show zamykaj\u0105 o 10. Znaj\u0105c ich dok\u0142adno\u015b\u0107 wiedzia\u0142em, \u017ce po up\u0142ywie tego czasu by mnie ju\u017c nie wpu\u015bcili, wi\u0119c wybra\u0142em w \u015brod\u0119 pierwszy poranny lot o 6.10. Jako, \u017ce wybiera\u0142em si\u0119 po raz dziewi\u0105ty do Essen, postanowi\u0142em skorzysta\u0107 ze sprawdzonego \u015brodka komunikacji samolotu (Katowice \u2013 Dortmund, shuttle do Holzwickende i poci\u0105giem do Essen). Niestety Madziarzy z Wizz nie spisali si\u0119 i lot sp\u00f3\u017ani\u0142 si\u0119 1 godzin\u0119. Z dusz\u0105 na ramieniu wpad\u0142em do taxi za bagatela 90 euro i by\u0142em o 9.50 przy wej\u015bciu do Sali z nowo\u015bciami. Jeszcze drobiazgowa kontrola, czy faktycznie przywioz\u0142em nowo\u015bci (jakby mi z twarzy patrzy\u0142o, \u017ce bomby przywo\u017c\u0119) i uff jestem w \u015brodku. Po pi\u0119ciu minutach wpad\u0142a reszta ekipy z Pori. Przeczytali mojego SMS-a i te\u017c gnali tax\u00f3wk\u0105, ale z Dusseldorfu &#8211; bo my\u015bleli, \u017ce nie zd\u0105\u017c\u0119. No c\u00f3\u017c, Polak potrafi. \u015aroda w Essen nie r\u00f3\u017cni si\u0119 niczym szczeg\u00f3lnym od innych przygotowa\u0144 do targ\u00f3w \u2013 by\u0107 mo\u017ce z jednym wyj\u0105tkiem &#8211; mo\u017cna ju\u017c w ten dzie\u0144 um\u00f3wi\u0107 wiele spotka\u0144, porusza\u0107 si\u0119 w miar\u0119 szybko i porozmawia\u0107 z dala od zgie\u0142ku targowego. Skorzysta\u0142em z tego i musz\u0119 powiedzie\u0107, \u017ce warto. Po 5 godzinach uk\u0142adania, oklejania nasze stoisko prezentowa\u0142o si\u0119 bardzo okazale.<\/p>\n<p style=\"text-align: justify;\">Jak zwykle, nie oby\u0142o si\u0119 bez niespodzianek \u2013 okaza\u0142o si\u0119, \u017ce brakuje \u017ceton\u00f3w w pude\u0142kach\u00a0 Kings of Mithril, wi\u0119c musieli\u015bmy kilka pude\u0142ek rozpakowa\u0107 i ka\u017cdemu klientowi dodawa\u0107 \u017cetony. Druga niespodzianka, to zamkni\u0119ty catering (chyba o 15 dopiero otworzyli, ale c\u00f3\u017c, wpadka ka\u017cdemu mo\u017ce si\u0119 zdarzy\u0107). Dni targowe rozpocz\u0119\u0142y si\u0119 tym razem bez kolejek (zawsze gdy przyje\u017cd\u017ca\u0142em w czwartek, najpierw musia\u0142em si\u0119 w nich wysta\u0107) Pierwsz\u0105 rzecz\u0105, kt\u00f3ra zwr\u00f3ci\u0142a moj\u0105 uwag\u0119, by\u0142y mniejsze t\u0142umy w alejkach. Podzia\u0142 tylko na 3 hale skutecznie pom\u00f3g\u0142 zar\u00f3wno zwiedzaj\u0105cym, jak i wystawcom. Podoba\u0142o mi si\u0119 to, \u017ce duzi i mali wystawcy byli obok siebie, dzi\u0119ki temu mo\u017cna by\u0142o wi\u0119cej spraw poza\u0142atwia\u0107 i szybko przemieszcza\u0107 si\u0119 pomi\u0119dzy halami. Niepok\u00f3j wzbudzi\u0142y kolejki do toalet. Z wiadomych przyczyn\u00a0 nie czeka\u0142em, ale ciekaw jestem opinii p\u0142ci przeciwnej.<\/p>\n<p style=\"text-align: justify;\">Co do naszych gier &#8211; najwi\u0119cej emocji wzbudzi\u0142a Terra Evolution \u2013 Tree of life. Nasz niezale\u017cny j\u0119zykowo deckbuilding. Bardzo dobre recenzj\u0119 zbiera\u0142 tez Atlantic Triangle i King of Mithril. Troszk\u0119 mniejsze zainteresowanie wzbudzi\u0142a Odin\u2019s Table \u2013 cho\u0107 ja uwa\u017cam, \u017ce to<\/p>\n<p style=\"text-align: justify;\">najlepsza gra MindWarrior\u00f3w. Osobn\u0105 kategori\u0119 stanowi\u0142 te\u017c King of the Storm, nasza gra RPG dla najm\u0142odszych.\u00a0 Musz\u0119 przyzna\u0107, \u017ce nie mog\u0119 si\u0119 doczeka\u0107 kiedy te gry pojawi\u0105 si\u0119 w j\u0119zyku polskim.<\/p>\n<p style=\"text-align: justify;\">Polskie akcenty w Essen &#8211; moje uznanie zdoby\u0142o majestatyczne stoisko G3, pomys\u0142owo\u015b\u0107 Granny, wpadaj\u0105cy w oko banner IPN na stoisku Leonardo.\u00a0 Kilka lat temu mia\u0142em marzenie, \u017ceby w ko\u0144cu zrobili polsk\u0105 hal\u0119. Gdyby nie nowe ustawienie hal, to na pewno w tym roku<br \/>\nw ko\u0144cu dopi\u0105\u0142bym swego. Prawie na ka\u017cdym kroku mo\u017cna by\u0142o zobaczy\u0107 polskich graczy, lub polskie stoiska. Tak trzyma\u0107 Panowie. My (Tactic Polska) trzymamy za was kciuki.<\/p>\n<p style=\"text-align: justify;\">Podsumowuj\u0105c:<\/p>\n<p style=\"text-align: justify;\"><b>Najwi\u0119kszy hit<\/b><\/p>\n<p style=\"text-align: justify;\">Nowy uk\u0142ad hal. Pomijaj\u0105c drobne usterki \u2013 cho\u0107 nie przepadam momentami za pomys\u0142ami koleg\u00f3wza zachodni\u0105 granic\u0105, musz\u0119 powiedzie\u0107: Gut gemacht!<\/p>\n<p style=\"text-align: justify;\"><b>Najwi\u0119ksze rozczarowanie<\/b><\/p>\n<p style=\"text-align: justify;\">Nie dzia\u0142aj\u0105ce automaty biletowe na dworcu w Essen.<\/p>\n<p style=\"text-align: justify;\"><b>Najwi\u0119ksza niespodzianka<\/b><\/p>\n<p style=\"text-align: justify;\">Zdolno\u015bci Jussiego (naszego export managera) w budowaniu wie\u017c w gier. Oto zdj\u0119cie wie\u017cy zbudowanej specjalnie dla mnie. (dzi\u0119ki Jussi)<\/p>\n\n        <style type='text\/css'>\n            #gallery-2 {\n                margin: auto;\n            }\n            #gallery-2 .gallery-item {\n                float: left;\n                margin-top: 10px;\n                text-align: center;\n                width: 50%;           }\n            #gallery-2 img {\n                border: 2px solid #cfcfcf;\n            }\n            #gallery-2 .gallery-caption {\n                margin-left: 0;\n            }\n        <\/style>\n        <!-- see gallery_shortcode() in wp-includes\/media.php -->\n        <div id='gallery-2' class='gallery-images gallery galleryid-41870'><dl class='gallery-item'>\n            <dt class='gallery-icon'>\n                <a href='https:\/\/wp4wpuw.pedagog.uw.edu.pl\/test\/wp-content\/uploads\/2013\/11\/WP_20131026_001.jpg'><img loading=\"lazy\" decoding=\"async\" width=\"150\" height=\"150\" src=\"https:\/\/wp4wpuw.pedagog.uw.edu.pl\/test\/wp-content\/uploads\/2013\/11\/WP_20131026_001-150x150.jpg\" class=\"attachment-thumbnail size-thumbnail\" alt=\"\" \/><\/a>\n            <\/dt><\/dl><dl class='gallery-item'>\n            <dt class='gallery-icon'>\n                <a href='https:\/\/wp4wpuw.pedagog.uw.edu.pl\/test\/wp-content\/uploads\/2013\/11\/WP_20131024_001.jpg'><img loading=\"lazy\" decoding=\"async\" width=\"150\" height=\"150\" src=\"https:\/\/wp4wpuw.pedagog.uw.edu.pl\/test\/wp-content\/uploads\/2013\/11\/WP_20131024_001-150x150.jpg\" class=\"attachment-thumbnail size-thumbnail\" alt=\"\" \/><\/a>\n            <\/dt><\/dl><br style=\"clear: both\" \/>\n            <br style='clear: both;' \/>\n        <\/div>\n\n","protected":false},"excerpt":{"rendered":"<p>Zapraszamy do kolejny wspomnie\u0144 z minionych targ\u00f3w SPIEL 2013 . Tym razem wra\u017ceniami dziel\u0105 si\u0119 z nami Marcin Tomczyk z wydawnictwa Axel, oraz \u0141ukasz \u0141asocha z wydawnictw Tactic.<\/p>\n","protected":false},"author":549,"featured_media":0,"comment_status":"open","ping_status":"closed","sticky":false,"template":"","format":"standard","meta":{"cybocfi_hide_featured_image":"","footnotes":""},"categories":[],"tags":[],"post_folder":[],"class_list":["post-41870","post","type-post","status-publish","format-standard","hentry"],"_links":{"self":[{"href":"https:\/\/wp4wpuw.pedagog.uw.edu.pl\/test\/wp-json\/wp\/v2\/posts\/41870","targetHints":{"allow":["GET"]}}],"collection":[{"href":"https:\/\/wp4wpuw.pedagog.uw.edu.pl\/test\/wp-json\/wp\/v2\/posts"}],"about":[{"href":"https:\/\/wp4wpuw.pedagog.uw.edu.pl\/test\/wp-json\/wp\/v2\/types\/post"}],"author":[{"embeddable":true,"href":"https:\/\/wp4wpuw.pedagog.uw.edu.pl\/test\/wp-json\/wp\/v2\/users\/549"}],"replies":[{"embeddable":true,"href":"https:\/\/wp4wpuw.pedagog.uw.edu.pl\/test\/wp-json\/wp\/v2\/comments?post=41870"}],"version-history":[{"count":0,"href":"https:\/\/wp4wpuw.pedagog.uw.edu.pl\/test\/wp-json\/wp\/v2\/posts\/41870\/revisions"}],"wp:attachment":[{"href":"https:\/\/wp4wpuw.pedagog.uw.edu.pl\/test\/wp-json\/wp\/v2\/media?parent=41870"}],"wp:term":[{"taxonomy":"category","embeddable":true,"href":"https:\/\/wp4wpuw.pedagog.uw.edu.pl\/test\/wp-json\/wp\/v2\/categories?post=41870"},{"taxonomy":"post_tag","embeddable":true,"href":"https:\/\/wp4wpuw.pedagog.uw.edu.pl\/test\/wp-json\/wp\/v2\/tags?post=41870"},{"taxonomy":"post_folder","embeddable":true,"href":"https:\/\/wp4wpuw.pedagog.uw.edu.pl\/test\/wp-json\/wp\/v2\/post_folder?post=41870"}],"curies":[{"name":"wp","href":"https:\/\/api.w.org\/{rel}","templated":true}]}}