{"id":47491,"date":"2014-05-26T21:41:27","date_gmt":"2014-05-26T19:41:27","guid":{"rendered":"http:\/\/www.gamesfanatic.pl\/?p=47491"},"modified":"2014-05-26T21:43:07","modified_gmt":"2014-05-26T19:43:07","slug":"dzien-dziecka-i-zlot-fanow-carcassonne-2014","status":"publish","type":"post","link":"https:\/\/wp4wpuw.pedagog.uw.edu.pl\/test\/2014\/05\/26\/dzien-dziecka-i-zlot-fanow-carcassonne-2014\/","title":{"rendered":"Dzie\u0144 Dziecka &#8211; I Zlot Fan\u00f3w Carcassonne 2014"},"content":{"rendered":"<p><img loading=\"lazy\" decoding=\"async\" class=\"size-medium wp-image-46225 alignleft\" alt=\"bard_2\" src=\"\/wp-content\/uploads\/2014\/05\/bard_2-200x106.png\" width=\"200\" height=\"106\" srcset=\"https:\/\/wp4wpuw.pedagog.uw.edu.pl\/test\/wp-content\/uploads\/2014\/05\/bard_2-200x106.png 200w, https:\/\/wp4wpuw.pedagog.uw.edu.pl\/test\/wp-content\/uploads\/2014\/05\/bard_2-300x160.png 300w, https:\/\/wp4wpuw.pedagog.uw.edu.pl\/test\/wp-content\/uploads\/2014\/05\/bard_2.png 620w\" sizes=\"auto, (max-width: 200px) 100vw, 200px\" \/>Zapraszamy wszystkich fan\u00f3w gier planszowych wraz z rodzinami! Wydawnictwo Bard we wsp\u00f3\u0142pracy z Wojew\u00f3dzk\u0105 Bibliotek\u0105 Publiczn\u0105 w Krakowie ma przyjemno\u015b\u0107 zaprosi\u0107 wszystkich na Dzie\u0144 Dziecka oraz na <strong>I og\u00f3lnopolski zlot fan\u00f3w Carcassonne<\/strong> do Arteteki s\u0105siaduj\u0105cej z Ma\u0142opolskim Ogrodem Sztuki przy ulicy Rajskiej 12 (wej\u015bcie od ulicy Szujskiego).<!--more--><br \/>\nArteteka jest bardzo ciekawym , \u015bwietnie wyposa\u017conym i przyjaznym fanom gier planszowych miejscem. Na Dzie\u0144 Dziecka przygotowali\u015bmy mn\u00f3stwo atrakcji, podczas kt\u00f3rych wszyscy b\u0119d\u0105 si\u0119 \u015bwietnie bawi\u0107 \u2013 wi\u0119cej informacji poni\u017cej.<\/p>\n<p><strong>Czas i miejsce:<\/strong><br \/>\n\u201eArteteka WBP w Krakowie\u201d: Krak\u00f3w, ul. Rajska 12 (wej\u015bcie od ulicy Szujskiego).<br \/>\n10:00 \u2013 16:00<\/p>\n<p><strong>Plan imprezy:<\/strong><br \/>\n1. Pocz\u0105tek imprezy 10:00<br \/>\n2. Spotkanie z autorem gry &#8211; <strong>Klausem J\u00fcrgenem Wrede<\/strong><br \/>\n3. Eliminacje do Mistrzostw Polski Carcassonne 10:30 \u2013 15:30 (zapisy na miejscu)<br \/>\n4. Konkurs na u\u0142o\u017cenie najwi\u0119kszej piramidy z pionk\u00f3w Carcassonne 11:30<br \/>\n5. Mini turniej Dzieci z Carcassonne 12:30<br \/>\n6. Uk\u0142adanie olbrzymiej planszy Carcassonne (b\u0119dzie do dyspozycji du\u017cy st\u00f3\u0142 i mn\u00f3stwo kafelk\u00f3w)<br \/>\n7. Zabawa du\u017c\u0105 wersj\u0105 gry Carcassonne<br \/>\n8. Nauka i pokazy gry Carcassonne, Dzieci z Carcassonne oraz dodatk\u00f3w do Carcassonne (szczeg\u00f3lnie nowego, 9. dodatku: Owce i Wzg\u00f3rza)<\/p>\n<p>Ponadto b\u0119dzie mo\u017cliwo\u015b\u0107 zdobycia, niedawno wydanego w Niemczech promocyjnego dodatku &#8220;Die deutschen Kl\u00f6ster&#8221; &#8211; \u201eKlasztory\u201d oraz masy innych nagr\u00f3d.<\/p>\n<p>link do wydarzenia:<br \/>\n<a href=\"https:\/\/www.facebook.com\/events\/710089482385768\/?ref_dashboard_filter=upcoming\">https:\/\/www.facebook.com\/events\/710089482385768\/?ref_dashboard_filter=upcoming<\/a><\/p>\n","protected":false},"excerpt":{"rendered":"<p>Zapraszamy wszystkich fan\u00f3w gier planszowych wraz z rodzinami! Wydawnictwo Bard we wsp\u00f3\u0142pracy z Wojew\u00f3dzk\u0105 Bibliotek\u0105 Publiczn\u0105 w Krakowie ma przyjemno\u015b\u0107 zaprosi\u0107 wszystkich na Dzie\u0144 Dziecka oraz na I og\u00f3lnopolski zlot fan\u00f3w Carcassonne do Arteteki s\u0105siaduj\u0105cej z Ma\u0142opolskim Ogrodem Sztuki przy ulicy Rajskiej 12 (wej\u015bcie od ulicy Szujskiego).<\/p>\n","protected":false},"author":257,"featured_media":46225,"comment_status":"open","ping_status":"closed","sticky":false,"template":"","format":"standard","meta":{"cybocfi_hide_featured_image":"","footnotes":""},"categories":[],"tags":[],"post_folder":[],"class_list":["post-47491","post","type-post","status-publish","format-standard","has-post-thumbnail","hentry"],"_links":{"self":[{"href":"https:\/\/wp4wpuw.pedagog.uw.edu.pl\/test\/wp-json\/wp\/v2\/posts\/47491","targetHints":{"allow":["GET"]}}],"collection":[{"href":"https:\/\/wp4wpuw.pedagog.uw.edu.pl\/test\/wp-json\/wp\/v2\/posts"}],"about":[{"href":"https:\/\/wp4wpuw.pedagog.uw.edu.pl\/test\/wp-json\/wp\/v2\/types\/post"}],"author":[{"embeddable":true,"href":"https:\/\/wp4wpuw.pedagog.uw.edu.pl\/test\/wp-json\/wp\/v2\/users\/257"}],"replies":[{"embeddable":true,"href":"https:\/\/wp4wpuw.pedagog.uw.edu.pl\/test\/wp-json\/wp\/v2\/comments?post=47491"}],"version-history":[{"count":0,"href":"https:\/\/wp4wpuw.pedagog.uw.edu.pl\/test\/wp-json\/wp\/v2\/posts\/47491\/revisions"}],"wp:featuredmedia":[{"embeddable":true,"href":"https:\/\/wp4wpuw.pedagog.uw.edu.pl\/test\/wp-json\/wp\/v2\/media\/46225"}],"wp:attachment":[{"href":"https:\/\/wp4wpuw.pedagog.uw.edu.pl\/test\/wp-json\/wp\/v2\/media?parent=47491"}],"wp:term":[{"taxonomy":"category","embeddable":true,"href":"https:\/\/wp4wpuw.pedagog.uw.edu.pl\/test\/wp-json\/wp\/v2\/categories?post=47491"},{"taxonomy":"post_tag","embeddable":true,"href":"https:\/\/wp4wpuw.pedagog.uw.edu.pl\/test\/wp-json\/wp\/v2\/tags?post=47491"},{"taxonomy":"post_folder","embeddable":true,"href":"https:\/\/wp4wpuw.pedagog.uw.edu.pl\/test\/wp-json\/wp\/v2\/post_folder?post=47491"}],"curies":[{"name":"wp","href":"https:\/\/api.w.org\/{rel}","templated":true}]}}