{"id":47855,"date":"2014-06-03T12:08:31","date_gmt":"2014-06-03T10:08:31","guid":{"rendered":"http:\/\/www.gamesfanatic.pl\/?p=47855"},"modified":"2014-06-03T13:40:50","modified_gmt":"2014-06-03T11:40:50","slug":"wyniki-konkursu-rocznicowego-gf-granna","status":"publish","type":"post","link":"https:\/\/wp4wpuw.pedagog.uw.edu.pl\/test\/2014\/06\/03\/wyniki-konkursu-rocznicowego-gf-granna\/","title":{"rendered":"Wyniki Konkursu Rocznicowego GF &#8211; Granna"},"content":{"rendered":"<p><a href=\"\/wp-content\/uploads\/2014\/05\/granna-logo.png\"><img loading=\"lazy\" decoding=\"async\" class=\"alignleft size-full wp-image-45761\" alt=\"granna-logo\" src=\"\/wp-content\/uploads\/2014\/05\/granna-logo.png\" width=\"142\" height=\"142\" \/><\/a>Bardzo dzi\u0119kujemy wszystkim uczestnikom konkursu za udzia\u0142! Przysz\u0142y do nas 292 zg\u0142oszenia! Jeste\u015bcie niesamowici!<!--more--><\/p>\n<p><span style=\"line-height: 1.5em;\">Poprawn\u0105 odpowiedzi\u0105 na pierwsze pytanie by\u0142o oczywi\u015bcie: Granna Expert, a wydane w niej tytu\u0142y to CV i Pretor. Przy tym pytaniu wi\u0119kszo\u015b\u0107 z Was nie mia\u0142a problem\u00f3w, cho\u0107 zdarza\u0142y si\u0119 zabawne odpowiedzi jak np. &#8220;Supertrudny Superfarmer&#8221; czy m\u00f3j osobisty faworyt &#8220;Battlestar Galactica: Pegasus&#8221;.<\/span><\/p>\n<p>Drugie pytanie dotyczy\u0142o nast\u0119puj\u0105cych serii: W to mi graj! (np. \u0141ap Psiaka czy Kto Pozmywa?), GraMy! (Wilki i Owce z dodatkiem Grube Ryby) oraz Wiem, Bo Gram (S\u0142\u00f3wka). Tu te\u017c wi\u0119kszo\u015b\u0107 sobie \u015bwietnie poradzi\u0142a, cho\u0107 niekt\u00f3rzy szli na \u0142atwizn\u0119, pr\u00f3buj\u0105c do tego worka wrzuci\u0107 Granna Expert \ud83d\ude42<\/p>\n<p>W ostatnim pytaniu odpowiedzi poprawnych by\u0142o wiele, gdy\u017c Granna wsp\u00f3\u0142pracuje z wieloma autorami, najcz\u0119\u015bciej wymieniali\u015bcie jednak te:\u00a0Adam Ka\u0142u\u017ca, Filip Mi\u0142u\u0144ski, Micha\u0142 Stajszczak, Philippe de Pallieres, Antoine Bauza. Gratuluj\u0119 z tego miejsca wyobra\u017ani r\u00f3wnie\u017c uczestniczce, kt\u00f3ra wpisa\u0142a w t\u0119 rubryk\u0119 odpowied\u017a &#8220;Micha\u0142 Stajszczak, Antoine Bauza, Adam Michnik&#8221;. Kole\u017canko, nie wiem, o czym my\u015bla\u0142a\u015b, ale wiem, jak\u0105 gazet\u0119 czytasz! \ud83d\ude00<\/p>\n<p><span style=\"line-height: 1.5em;\"><br \/>\nNo dobrze, czas na fanfary i oklaski dla zwyci\u0119zc\u00f3w:<br \/>\n<div class=\"starlist\"><\/span><\/p>\n<div>\n<ul>\n<li><strong>Adrian Antosik\u00a0<\/strong>\u2013\u00a0<em>Pretor<\/em><\/li>\n<li><strong>Agata Cywi\u0144ska-Rogala<\/strong> \u2013 <em>CV<\/em><\/li>\n<li><strong>Daniel Wrze\u015bniewski \u2013<\/strong><em> \u0141ap Psiaka, \u0141ap Prosiaka i Kto Pozmywa?<\/div><\/em><\/li>\n<\/ul>\n<\/div>\n<p>Wielkie gratulacje dla zwyci\u0119zc\u00f3w, a tym, kt\u00f3rzy prawid\u0142owo odpowiedzili, ale nie wygrali w konkursie Granny przypominamy o wielkim losowaniu na koniec &#8211; jeszcze nic straconego!<\/p>\n<p>Raz jeszcze dzi\u0119kujemy\u00a0<a href=\"http:\/\/www.granna.pl\" target=\"_blank\">Wydawnictwu Granna<\/a> za ufundowanie nagr\u00f3d!<\/p>\n<p>Powodzenia w kolejnych jubileuszowych konkursach!<\/p>\n","protected":false},"excerpt":{"rendered":"<p>Bardzo dzi\u0119kujemy wszystkim uczestnikom konkursu za udzia\u0142! Przysz\u0142y do nas 292 zg\u0142oszenia! Jeste\u015bcie niesamowici!<\/p>\n","protected":false},"author":882,"featured_media":47419,"comment_status":"open","ping_status":"closed","sticky":false,"template":"","format":"standard","meta":{"cybocfi_hide_featured_image":"","footnotes":""},"categories":[],"tags":[],"post_folder":[],"class_list":["post-47855","post","type-post","status-publish","format-standard","has-post-thumbnail","hentry"],"_links":{"self":[{"href":"https:\/\/wp4wpuw.pedagog.uw.edu.pl\/test\/wp-json\/wp\/v2\/posts\/47855","targetHints":{"allow":["GET"]}}],"collection":[{"href":"https:\/\/wp4wpuw.pedagog.uw.edu.pl\/test\/wp-json\/wp\/v2\/posts"}],"about":[{"href":"https:\/\/wp4wpuw.pedagog.uw.edu.pl\/test\/wp-json\/wp\/v2\/types\/post"}],"author":[{"embeddable":true,"href":"https:\/\/wp4wpuw.pedagog.uw.edu.pl\/test\/wp-json\/wp\/v2\/users\/882"}],"replies":[{"embeddable":true,"href":"https:\/\/wp4wpuw.pedagog.uw.edu.pl\/test\/wp-json\/wp\/v2\/comments?post=47855"}],"version-history":[{"count":0,"href":"https:\/\/wp4wpuw.pedagog.uw.edu.pl\/test\/wp-json\/wp\/v2\/posts\/47855\/revisions"}],"wp:featuredmedia":[{"embeddable":true,"href":"https:\/\/wp4wpuw.pedagog.uw.edu.pl\/test\/wp-json\/wp\/v2\/media\/47419"}],"wp:attachment":[{"href":"https:\/\/wp4wpuw.pedagog.uw.edu.pl\/test\/wp-json\/wp\/v2\/media?parent=47855"}],"wp:term":[{"taxonomy":"category","embeddable":true,"href":"https:\/\/wp4wpuw.pedagog.uw.edu.pl\/test\/wp-json\/wp\/v2\/categories?post=47855"},{"taxonomy":"post_tag","embeddable":true,"href":"https:\/\/wp4wpuw.pedagog.uw.edu.pl\/test\/wp-json\/wp\/v2\/tags?post=47855"},{"taxonomy":"post_folder","embeddable":true,"href":"https:\/\/wp4wpuw.pedagog.uw.edu.pl\/test\/wp-json\/wp\/v2\/post_folder?post=47855"}],"curies":[{"name":"wp","href":"https:\/\/api.w.org\/{rel}","templated":true}]}}