{"id":47955,"date":"2014-06-05T09:36:42","date_gmt":"2014-06-05T07:36:42","guid":{"rendered":"http:\/\/www.gamesfanatic.pl\/?p=47955"},"modified":"2018-01-05T22:36:43","modified_gmt":"2018-01-05T21:36:43","slug":"czy-gre-1989-jesien-narodow-wydala-samodzielnie-tvp","status":"publish","type":"post","link":"https:\/\/wp4wpuw.pedagog.uw.edu.pl\/test\/2014\/06\/05\/czy-gre-1989-jesien-narodow-wydala-samodzielnie-tvp\/","title":{"rendered":"Czy gr\u0119 1989: Jesie\u0144 Narod\u00f3w wyda\u0142a samodzielnie TVP?"},"content":{"rendered":"<p><a href=\"\/wp-content\/uploads\/2014\/05\/19891.jpg\"><img loading=\"lazy\" decoding=\"async\" class=\"alignleft  wp-image-45840\" alt=\"1989\" src=\"\/wp-content\/uploads\/2014\/05\/19891-733x1024.jpg\" width=\"208\" height=\"291\" \/><\/a>We wczorajszym wydaniu programu &#8220;\u015awiat si\u0119 kr\u0119ci&#8221; w Telewizji Polskiej (TVP1), po\u015bwi\u0119conemu 25. rocznicy pierwszych wolnych (cz\u0119\u015bciowo) wybor\u00f3w, zobaczy\u0107 mogli\u015bmy <a href=\"https:\/\/vod.tvp.pl\" target=\"_blank\">kilkuminutow\u0105 dyskusj\u0119, po\u015bwi\u0119con\u0105 grze planszowej 1989: Jesie\u0144 Narod\u00f3w<\/a> (po przebrni\u0119ciu przez reklamy od 27 min 35 sek). Go\u015b\u0107mi Macieja Kurzajewskiego i Krzysztofa Ziemca byli Barbara Bili\u0144ska (Dyrektor Biura Reklamy TVP) oraz dr Pawe\u0142 Sasanka (IPN). O ile pami\u0119\u0107 mnie nie myli, jest to do tej pory najwa\u017cniejsza (bo przy okazji tak wa\u017cnej daty i w dobrym czasie antenowym), najd\u0142u\u017csza (ponad 8 min.) i najciekawsza ekspozycja nowoczesnej gry planszowej (i plansz\u00f3wkowego hobby w og\u00f3le) w polskich mediach. Go\u015bcie (zw\u0142aszcza Pani Bili\u0144ska) potrafili ze swad\u0105 opowiedzie\u0107 o aspekcie edukacyjnym plansz\u00f3wek, a wr\u0119cz &#8211; wybaczcie kolokwializm &#8211; &#8220;nakr\u0119ci\u0107&#8221; telewidz\u00f3w. Jeszcze raz podkre\u015blam, \u017ce to wielka sprawa dla ca\u0142ego plansz\u00f3wkowego \u015bwiatka. Pewien niesmak budzi jednak fakt przypisania sobie ca\u0142ej zas\u0142ugi w zakresie wydania gry (a &#8216;mi\u0119dzy wierszami&#8217; tak\u017ce jej zaprojektowania) przez Telewizj\u0119 Polsk\u0105.<\/p>\n<p><!--more--><\/p>\n<p>Na pytanie redaktora Kurzajewskiego: &#8220;Sk\u0105d w og\u00f3le pomys\u0142 na t\u0119 gr\u0119?&#8221;, Pani Bili\u0144ska odpowiada: &#8220;My staramy si\u0119 jako telewizja, pe\u0142ni\u0107 nasz\u0105 misj\u0119 [&#8230;] Ta gra jest sz\u00f3stym naszym dzieckiem&#8221;.<\/p>\n<p>Hm. Trudno mi si\u0119 doliczy\u0107 tej sz\u00f3stki. O ile rozumiem, \u017ce za &#8216;dzieci&#8217; TVP uwa\u017ca gry tworzone na motywach popularnych seriali przez wydawnictwo Inte-gra (<a href=\"http:\/\/www.gamesfanatic.pl\/2013\/12\/20\/alternatywy-4-dostalam-przydzial-na-mieszkanie-a-wiec-zapraszam-na-parapetowe-alkohol-i-planszowkowe-granie\/\" target=\"_blank\">Alternatywy 4<\/a>, Ojciec Mateusz, wkr\u00f3tce tak\u017ce Zmiennicy), o tyle zaliczenie do nich gry <a href=\"http:\/\/www.gamesfanatic.pl\/2013\/10\/22\/czas-honoru-operacja-most-iii\/\" target=\"_blank\">Czas honoru: Operacja most III<\/a>, wydanej przez Phalanx, budzi ju\u017c w\u0105tpliwo\u015bci. O tej grze r\u00f3wnie\u017c opowiadano w TVP (TVP Historia), lecz przynajmniej w programie <a href=\"http:\/\/www.gamesfanatic.pl\/2013\/10\/12\/czas-honoru-operacja-most-iii-w-tv\/\" target=\"_blank\">znalaz\u0142o si\u0119 miejsce dla jej tw\u00f3rcy &#8211; Micha\u0142a Ozona<\/a>. By\u0107 mo\u017ce chodzi jeszcze o <a href=\"http:\/\/www.gamesfanatic.pl\/2010\/04\/21\/kocham-cie-polsko-rzut-okiem\/\" target=\"_blank\">Kocham Ci\u0119, Polsko<\/a> (Granna). Tak czy inaczej, 1989 \u017cadnym &#8216;dzieckiem TVP&#8217; nie jest.<\/p>\n<p>Kolejne wypowiedzi Pani Bili\u0144skiej r\u00f3wnie\u017c \u015bwiadcz\u0105 o przypisywaniu sobie samej idei stworzenia 1989, co &#8211; w \u015bwietle fakt\u00f3w &#8211; nie jest prawd\u0105. Dla przypomnienia: autorami <a href=\"https:\/\/boardgamegeek.com\/boardgame\/26997\/1989-dawn-freedom\" target=\"_blank\">1989: Dawn of Freedom<\/a> s\u0105 Amerykanie &#8211; Ted Torgerson i Jason Matthews. Gra pierwotnie ukaza\u0142a si\u0119 w Stanach Zjednoczonych w 2012 r., nak\u0142adem znanego wydawnictwa <a href=\"http:\/\/www.gmtgames.com\/\" target=\"_blank\">GMT<\/a>. Histori\u0119 o tym, jak to Amerykanie zafascynowali si\u0119 histori\u0105 Jesieni Lud\u00f3w w Europie \u015arodkowej i stworzyli dedykowan\u0105 plansz\u00f3wk\u0119, te\u017c mo\u017cna ciekawie sprzeda\u0107 telewidzom &#8211; co przeszkadza\u0142o w kr\u00f3tkim jej przedstawieniu?<\/p>\n<p>Kolejna dziwna wypowied\u017a Pani Bili\u0144skiej: &#8220;Produkt jest absolutnie limitowany, bo TVP wyda\u0142a zaledwie 1000 egzemplarzy&#8221;. Patrz\u0105c od tej strony, 90% plansz\u00f3wek to edycje limitowane. Limitowane ch\u0142onno\u015bci\u0105 rynku po prostu, bo liczba 1000-2000 egzemplarzy jest ca\u0142kowicie standardow\u0105 wielko\u015bci\u0105 nak\u0142adu tego rodzaju produkcji. Stwierdzenie &#8220;TVP wyda\u0142a&#8221; i ca\u0142kowite pomini\u0119cie Wydawnictwa Bard Centrum Gier (wydawca i tw\u00f3rca polskiej wersji gry), nie wymaga komentarza. Chocia\u017c nie &#8211; wymaga. Wystarczy\u0142o przecie\u017c jedno zdanie, kt\u00f3re nie zaj\u0119\u0142oby zbyt wiele cennego czasu antenowego TVP: &#8216;Telewizja Polska jest wsp\u00f3\u0142wydawc\u0105 gry, razem z firm\u0105 Bard Centrum Gier, kt\u00f3ra przygotowa\u0142a jej polsk\u0105 edycj\u0119&#8221;. Koniec.<\/p>\n<p>Lepiej by\u0142o jednak zgarn\u0105\u0107 ca\u0142a \u015bmietank\u0119 dla siebie&#8230;<\/p>\n<p>C\u00f3\u017c, wida\u0107, \u017ce w TVP wci\u0105\u017c jeszcze panuj\u0105 nawyki rodem ze starego &#8216;usroju&#8217; \ud83d\ude09<\/p>\n<p>Zastanawia mnie r\u00f3wnie\u017c bierno\u015b\u0107 dr Sasanki z IPN w tej kwestii, kt\u00f3ry w temacie gier powinien orientowa\u0107 si\u0119 lepiej i s\u0142\u00f3wko o Bardzie wtr\u0105ci\u0107.<\/p>\n<p>A mo\u017ce przesadzam? Mo\u017ce Wy nie widzicie w tych wypowiedziach niczego niestosownego?<\/p>\n<p>&nbsp;<\/p>\n","protected":false},"excerpt":{"rendered":"<p>We wczorajszym wydaniu programu &#8220;\u015awiat si\u0119 kr\u0119ci&#8221; w Telewizji Polskiej (TVP1), po\u015bwi\u0119conemu 25. rocznicy pierwszych wolnych (cz\u0119\u015bciowo) wybor\u00f3w, zobaczy\u0107 mogli\u015bmy kilkuminutow\u0105 dyskusj\u0119, po\u015bwi\u0119con\u0105 grze planszowej 1989: Jesie\u0144 Narod\u00f3w (po przebrni\u0119ciu przez reklamy od 27 min 35 sek). Go\u015b\u0107mi Macieja Kurzajewskiego i Krzysztofa Ziemca byli Barbara Bili\u0144ska (Dyrektor Biura Reklamy TVP) oraz dr Pawe\u0142 Sasanka (IPN). &#8230;<\/p>\n","protected":false},"author":24,"featured_media":47966,"comment_status":"open","ping_status":"closed","sticky":false,"template":"","format":"standard","meta":{"cybocfi_hide_featured_image":"","footnotes":""},"categories":[],"tags":[],"post_folder":[],"class_list":["post-47955","post","type-post","status-publish","format-standard","has-post-thumbnail","hentry"],"_links":{"self":[{"href":"https:\/\/wp4wpuw.pedagog.uw.edu.pl\/test\/wp-json\/wp\/v2\/posts\/47955","targetHints":{"allow":["GET"]}}],"collection":[{"href":"https:\/\/wp4wpuw.pedagog.uw.edu.pl\/test\/wp-json\/wp\/v2\/posts"}],"about":[{"href":"https:\/\/wp4wpuw.pedagog.uw.edu.pl\/test\/wp-json\/wp\/v2\/types\/post"}],"author":[{"embeddable":true,"href":"https:\/\/wp4wpuw.pedagog.uw.edu.pl\/test\/wp-json\/wp\/v2\/users\/24"}],"replies":[{"embeddable":true,"href":"https:\/\/wp4wpuw.pedagog.uw.edu.pl\/test\/wp-json\/wp\/v2\/comments?post=47955"}],"version-history":[{"count":0,"href":"https:\/\/wp4wpuw.pedagog.uw.edu.pl\/test\/wp-json\/wp\/v2\/posts\/47955\/revisions"}],"wp:featuredmedia":[{"embeddable":true,"href":"https:\/\/wp4wpuw.pedagog.uw.edu.pl\/test\/wp-json\/wp\/v2\/media\/47966"}],"wp:attachment":[{"href":"https:\/\/wp4wpuw.pedagog.uw.edu.pl\/test\/wp-json\/wp\/v2\/media?parent=47955"}],"wp:term":[{"taxonomy":"category","embeddable":true,"href":"https:\/\/wp4wpuw.pedagog.uw.edu.pl\/test\/wp-json\/wp\/v2\/categories?post=47955"},{"taxonomy":"post_tag","embeddable":true,"href":"https:\/\/wp4wpuw.pedagog.uw.edu.pl\/test\/wp-json\/wp\/v2\/tags?post=47955"},{"taxonomy":"post_folder","embeddable":true,"href":"https:\/\/wp4wpuw.pedagog.uw.edu.pl\/test\/wp-json\/wp\/v2\/post_folder?post=47955"}],"curies":[{"name":"wp","href":"https:\/\/api.w.org\/{rel}","templated":true}]}}