{"id":49640,"date":"2014-09-01T15:32:06","date_gmt":"2014-09-01T13:32:06","guid":{"rendered":"http:\/\/www.gamesfanatic.pl\/?p=49640"},"modified":"2017-04-13T16:17:58","modified_gmt":"2017-04-13T14:17:58","slug":"first-to-fight-patronat-medialny-i-konkurs","status":"publish","type":"post","link":"https:\/\/wp4wpuw.pedagog.uw.edu.pl\/test\/2014\/09\/01\/first-to-fight-patronat-medialny-i-konkurs\/","title":{"rendered":"First to Fight &#8211; patronat medialny i konkurs"},"content":{"rendered":"<p style=\"text-align: justify;\"><a href=\"\/wp-content\/uploads\/2014\/08\/box.png\"><img loading=\"lazy\" decoding=\"async\" class=\"alignleft size-medium wp-image-49622\" src=\"\/wp-content\/uploads\/2014\/08\/box-200x200.png\" alt=\"box\" width=\"200\" height=\"200\" srcset=\"https:\/\/wp4wpuw.pedagog.uw.edu.pl\/test\/wp-content\/uploads\/2014\/08\/box-200x200.png 200w, https:\/\/wp4wpuw.pedagog.uw.edu.pl\/test\/wp-content\/uploads\/2014\/08\/box-150x150.png 150w, https:\/\/wp4wpuw.pedagog.uw.edu.pl\/test\/wp-content\/uploads\/2014\/08\/box-70x70.png 70w, https:\/\/wp4wpuw.pedagog.uw.edu.pl\/test\/wp-content\/uploads\/2014\/08\/box.png 600w\" sizes=\"auto, (max-width: 200px) 100vw, 200px\" \/><\/a>Jak wspomina\u0142 Ink dzisiejszego poranka, z\u00a0 wielk\u0105 przyjemno\u015bci\u0105 obejmujemy patronat medialny nad najnowsz\u0105 produkcj\u0105 Fabryki Gier Historycznych pod tytu\u0142em First to Fight przedstawiaj\u0105cej zmagania polskich si\u0142 zbrojnych w czasie II wojny \u015bwiatowej na terenie\u00a0 kraju i poza jego granicami. Z tej okazji\u00a0 og\u0142aszamy wsp\u00f3lnie z wydawnictwem konkurs, w kt\u00f3rym do wygrania s\u0105 trzy egzemplarzy gry.<!--more--><\/p>\n<p style=\"text-align: justify;\">Poni\u017cej znajduj\u0105 si\u0119 ilustracje kart, kt\u00f3re znajdziecie w grze. Waszym zadaniem jest przes\u0142anie informacji jakie postacie i wydarzenia (misje)\u00a0 historyczne zosta\u0142y przedstawione na kartach. Na odpowiedzi przesy\u0142ane przez poni\u017cszy formularz czekamy do czwartku do godziny 23.59. Odbi\u00f3r nagr\u00f3d b\u0119dzie mo\u017cliwy m.in. na najbli\u017cszym konwencie Polcon, gdzie w <strong>pi\u0105tek 5 wrze\u015bnia<\/strong> <strong>b\u0119dzie mia\u0142a miejsce premiera gry<\/strong>.<\/p>\n<p style=\"text-align: center;\"><a href=\" https:\/\/docs.google.com\/forms\/d\/1HcBGJH8exPTvFoIIZ1QWHFKKf20SCbCvgUJ3bDojFJ8\/viewform\" target=\"_blank\" class=\"shortc-button medium blue\"><span style=\"color: #ffffff;\">Formularz do przesy\u0142ania odpowiedzi<\/span><\/a>\n<p><a href=\"http:\/\/www.gamesfanatic.pl\/2014\/03\/13\/regulamin-ftf\/\">Regulamin konkursu<\/a><\/p>\n<p><em>Uwaga: u\u017cywany formularz potwierdza przes\u0142anie odpowiedzi jedynie poprzez wy\u015bwietlenie strony z podzi\u0119kowaniami za udzia\u0142 w konkursie.<\/em><\/p>\n\n        <style type='text\/css'>\n            #gallery-1 {\n                margin: auto;\n            }\n            #gallery-1 .gallery-item {\n                float: left;\n                margin-top: 10px;\n                text-align: center;\n                width: 50%;           }\n            #gallery-1 img {\n                border: 2px solid #cfcfcf;\n            }\n            #gallery-1 .gallery-caption {\n                margin-left: 0;\n            }\n        <\/style>\n        <!-- see gallery_shortcode() in wp-includes\/media.php -->\n        <div id='gallery-1' class='gallery-images gallery galleryid-49640'><dl class='gallery-item'>\n            <dt class='gallery-icon'>\n                <a href='https:\/\/wp4wpuw.pedagog.uw.edu.pl\/test\/wp-content\/uploads\/2014\/08\/4.jpg'><img loading=\"lazy\" decoding=\"async\" width=\"150\" height=\"150\" src=\"https:\/\/wp4wpuw.pedagog.uw.edu.pl\/test\/wp-content\/uploads\/2014\/08\/4-150x150.jpg\" class=\"attachment-thumbnail size-thumbnail\" alt=\"\" srcset=\"https:\/\/wp4wpuw.pedagog.uw.edu.pl\/test\/wp-content\/uploads\/2014\/08\/4-150x150.jpg 150w, https:\/\/wp4wpuw.pedagog.uw.edu.pl\/test\/wp-content\/uploads\/2014\/08\/4-70x70.jpg 70w\" sizes=\"auto, (max-width: 150px) 100vw, 150px\" \/><\/a>\n            <\/dt>\n                <dd class='gallery-caption'>\n                Wanda Gertz ps. Lena &#8211; Il. Pawe\u0142 Piwko\n                <\/dd><\/dl><dl class='gallery-item'>\n            <dt class='gallery-icon'>\n                <a href='https:\/\/wp4wpuw.pedagog.uw.edu.pl\/test\/wp-content\/uploads\/2014\/08\/1.jpg'><img loading=\"lazy\" decoding=\"async\" width=\"150\" height=\"150\" src=\"https:\/\/wp4wpuw.pedagog.uw.edu.pl\/test\/wp-content\/uploads\/2014\/08\/1-150x150.jpg\" class=\"attachment-thumbnail size-thumbnail\" alt=\"\" srcset=\"https:\/\/wp4wpuw.pedagog.uw.edu.pl\/test\/wp-content\/uploads\/2014\/08\/1-150x150.jpg 150w, https:\/\/wp4wpuw.pedagog.uw.edu.pl\/test\/wp-content\/uploads\/2014\/08\/1-70x70.jpg 70w\" sizes=\"auto, (max-width: 150px) 100vw, 150px\" \/><\/a>\n            <\/dt>\n                <dd class='gallery-caption'>\n                Stanis\u0142aw Maczek &#8211; Il. Mateusz Bielski\n                <\/dd><\/dl><br style=\"clear: both\" \/><dl class='gallery-item'>\n            <dt class='gallery-icon'>\n                <a href='https:\/\/wp4wpuw.pedagog.uw.edu.pl\/test\/wp-content\/uploads\/2014\/08\/3.jpg'><img loading=\"lazy\" decoding=\"async\" width=\"150\" height=\"150\" src=\"https:\/\/wp4wpuw.pedagog.uw.edu.pl\/test\/wp-content\/uploads\/2014\/08\/3-150x150.jpg\" class=\"attachment-thumbnail size-thumbnail\" alt=\"\" srcset=\"https:\/\/wp4wpuw.pedagog.uw.edu.pl\/test\/wp-content\/uploads\/2014\/08\/3-150x150.jpg 150w, https:\/\/wp4wpuw.pedagog.uw.edu.pl\/test\/wp-content\/uploads\/2014\/08\/3-70x70.jpg 70w\" sizes=\"auto, (max-width: 150px) 100vw, 150px\" \/><\/a>\n            <\/dt>\n                <dd class='gallery-caption'>\n                 Antoni Chru\u015bciel ps. Monter. &#8211; Il. Mateusz Bielski\n                <\/dd><\/dl><dl class='gallery-item'>\n            <dt class='gallery-icon'>\n                <a href='https:\/\/wp4wpuw.pedagog.uw.edu.pl\/test\/wp-content\/uploads\/2014\/08\/2.jpg'><img loading=\"lazy\" decoding=\"async\" width=\"150\" height=\"150\" src=\"https:\/\/wp4wpuw.pedagog.uw.edu.pl\/test\/wp-content\/uploads\/2014\/08\/2-150x150.jpg\" class=\"attachment-thumbnail size-thumbnail\" alt=\"\" srcset=\"https:\/\/wp4wpuw.pedagog.uw.edu.pl\/test\/wp-content\/uploads\/2014\/08\/2-150x150.jpg 150w, https:\/\/wp4wpuw.pedagog.uw.edu.pl\/test\/wp-content\/uploads\/2014\/08\/2-70x70.jpg 70w\" sizes=\"auto, (max-width: 150px) 100vw, 150px\" \/><\/a>\n            <\/dt>\n                <dd class='gallery-caption'>\n                 Stefan Ba\u0142uk ps. Starba &#8211; Il. Pawe\u0142 Piwko\n                <\/dd><\/dl><br style=\"clear: both\" \/><dl class='gallery-item'>\n            <dt class='gallery-icon'>\n                <a href='https:\/\/wp4wpuw.pedagog.uw.edu.pl\/test\/wp-content\/uploads\/2014\/08\/5.jpg'><img loading=\"lazy\" decoding=\"async\" width=\"150\" height=\"150\" src=\"https:\/\/wp4wpuw.pedagog.uw.edu.pl\/test\/wp-content\/uploads\/2014\/08\/5-150x150.jpg\" class=\"attachment-thumbnail size-thumbnail\" alt=\"\" srcset=\"https:\/\/wp4wpuw.pedagog.uw.edu.pl\/test\/wp-content\/uploads\/2014\/08\/5-150x150.jpg 150w, https:\/\/wp4wpuw.pedagog.uw.edu.pl\/test\/wp-content\/uploads\/2014\/08\/5-70x70.jpg 70w\" sizes=\"auto, (max-width: 150px) 100vw, 150px\" \/><\/a>\n            <\/dt>\n                <dd class='gallery-caption'>\n                Akcja Arsena\u0142 &#8211; Il. Grzegorz Bobrowski\n                <\/dd><\/dl><dl class='gallery-item'>\n            <dt class='gallery-icon'>\n                <a href='https:\/\/wp4wpuw.pedagog.uw.edu.pl\/test\/wp-content\/uploads\/2014\/08\/6.jpg'><img loading=\"lazy\" decoding=\"async\" width=\"150\" height=\"150\" src=\"https:\/\/wp4wpuw.pedagog.uw.edu.pl\/test\/wp-content\/uploads\/2014\/08\/6-150x150.jpg\" class=\"attachment-thumbnail size-thumbnail\" alt=\"\" srcset=\"https:\/\/wp4wpuw.pedagog.uw.edu.pl\/test\/wp-content\/uploads\/2014\/08\/6-150x150.jpg 150w, https:\/\/wp4wpuw.pedagog.uw.edu.pl\/test\/wp-content\/uploads\/2014\/08\/6-70x70.jpg 70w\" sizes=\"auto, (max-width: 150px) 100vw, 150px\" \/><\/a>\n            <\/dt>\n                <dd class='gallery-caption'>\n                Akcja Kutschera &#8211; Il. Grzegorz Bobrowski\n                <\/dd><\/dl><br style=\"clear: both\" \/><dl class='gallery-item'>\n            <dt class='gallery-icon'>\n                <a href='https:\/\/wp4wpuw.pedagog.uw.edu.pl\/test\/wp-content\/uploads\/2014\/08\/7.jpg'><img loading=\"lazy\" decoding=\"async\" width=\"150\" height=\"150\" src=\"https:\/\/wp4wpuw.pedagog.uw.edu.pl\/test\/wp-content\/uploads\/2014\/08\/7-150x150.jpg\" class=\"attachment-thumbnail size-thumbnail\" alt=\"\" srcset=\"https:\/\/wp4wpuw.pedagog.uw.edu.pl\/test\/wp-content\/uploads\/2014\/08\/7-150x150.jpg 150w, https:\/\/wp4wpuw.pedagog.uw.edu.pl\/test\/wp-content\/uploads\/2014\/08\/7-70x70.jpg 70w\" sizes=\"auto, (max-width: 150px) 100vw, 150px\" \/><\/a>\n            <\/dt>\n                <dd class='gallery-caption'>\n                Powstanie Warszawskie &#8211; Il. Grzegorz Bobrowski\n                <\/dd><\/dl><dl class='gallery-item'>\n            <dt class='gallery-icon'>\n                <a href='https:\/\/wp4wpuw.pedagog.uw.edu.pl\/test\/wp-content\/uploads\/2014\/08\/8.jpg'><img loading=\"lazy\" decoding=\"async\" width=\"150\" height=\"150\" src=\"https:\/\/wp4wpuw.pedagog.uw.edu.pl\/test\/wp-content\/uploads\/2014\/08\/8-150x150.jpg\" class=\"attachment-thumbnail size-thumbnail\" alt=\"\" srcset=\"https:\/\/wp4wpuw.pedagog.uw.edu.pl\/test\/wp-content\/uploads\/2014\/08\/8-150x150.jpg 150w, https:\/\/wp4wpuw.pedagog.uw.edu.pl\/test\/wp-content\/uploads\/2014\/08\/8-70x70.jpg 70w\" sizes=\"auto, (max-width: 150px) 100vw, 150px\" \/><\/a>\n            <\/dt>\n                <dd class='gallery-caption'>\n                Utworzenie Armii Krajowej &#8211; Il. Grzegorz Bobrowski\n                <\/dd><\/dl><br style=\"clear: both\" \/>\n            <br style='clear: both;' \/>\n        <\/div>\n\n<p>Oto oficjalne informacje na temat gry:<\/p>\n<p style=\"text-align: justify;\"><em>Po przegranej kampanii wrze\u015bniowej 1939 roku wielu polskich \u017co\u0142nierzy ewakuowa\u0142o si\u0119 z kraju i wyruszy\u0142o na tu\u0142aczk\u0119 po \u015bwiecie, kt\u00f3ra trwa\u0142a do 1945, a dla cz\u0119\u015bci z nich sko\u0144czy\u0142a si\u0119 dopiero po 1989 r. Polacy walczyli na wszystkich frontach II Wojny \u015awiatowej i mieli ogromny wk\u0142ad w zwyci\u0119stwo nad nazistowskimi Niemcami i innymi pa\u0144stwami Osi. \u015awietnie wyszkoleni \u017co\u0142nierze Polskich Si\u0142 Zbrojnych na Zachodzie oraz Zwi\u0105zku Walki Zbrojnej \u2013 Armii Krajowej, walczyli z Wehrmachtem i jego sojusznikami na wszystkie mo\u017cliwe sposoby, od propagandy przez dywersj\u0119, po regularne dzia\u0142ania zbrojne. Na l\u0105dzie, morzach i oceanach, w powietrzu. Wciel si\u0119 w cz\u0142onk\u00f3w Sztabu Naczelnego Wodza i zarz\u0105dzaj polskimi jednostkami w walce przeciwko III Rzeszy. Pa\u0144stwa Osi ugn\u0105 kolana, je\u015bli Ty nie zegniesz karku!<\/em><\/p>\n<p>Liczba graczy:\u00a0<strong>2-4<\/strong><br \/>\nWiek:\u00a0<strong>10+<\/strong><br \/>\nCzas gry: <strong>40-70 min.<\/strong><br \/>\nAutorzy:\u00a0<strong>Adam Kwapi\u0144ski, Micha\u0142 Sie\u0144ko<\/strong><br \/>\nPremiera: <strong>5 wrzesie\u0144 2014<\/strong><\/p>\n","protected":false},"excerpt":{"rendered":"<p>Jak wspomina\u0142 Ink dzisiejszego poranka, z\u00a0 wielk\u0105 przyjemno\u015bci\u0105 obejmujemy patronat medialny nad najnowsz\u0105 produkcj\u0105 Fabryki Gier Historycznych pod tytu\u0142em First to Fight przedstawiaj\u0105cej zmagania polskich si\u0142 zbrojnych w czasie II wojny \u015bwiatowej na terenie\u00a0 kraju i poza jego granicami. Z tej okazji\u00a0 og\u0142aszamy wsp\u00f3lnie z wydawnictwem konkurs, w kt\u00f3rym do wygrania s\u0105 trzy egzemplarzy gry.<\/p>\n","protected":false},"author":549,"featured_media":49622,"comment_status":"open","ping_status":"closed","sticky":false,"template":"","format":"standard","meta":{"cybocfi_hide_featured_image":"","footnotes":""},"categories":[],"tags":[],"post_folder":[],"class_list":["post-49640","post","type-post","status-publish","format-standard","has-post-thumbnail","hentry"],"_links":{"self":[{"href":"https:\/\/wp4wpuw.pedagog.uw.edu.pl\/test\/wp-json\/wp\/v2\/posts\/49640","targetHints":{"allow":["GET"]}}],"collection":[{"href":"https:\/\/wp4wpuw.pedagog.uw.edu.pl\/test\/wp-json\/wp\/v2\/posts"}],"about":[{"href":"https:\/\/wp4wpuw.pedagog.uw.edu.pl\/test\/wp-json\/wp\/v2\/types\/post"}],"author":[{"embeddable":true,"href":"https:\/\/wp4wpuw.pedagog.uw.edu.pl\/test\/wp-json\/wp\/v2\/users\/549"}],"replies":[{"embeddable":true,"href":"https:\/\/wp4wpuw.pedagog.uw.edu.pl\/test\/wp-json\/wp\/v2\/comments?post=49640"}],"version-history":[{"count":0,"href":"https:\/\/wp4wpuw.pedagog.uw.edu.pl\/test\/wp-json\/wp\/v2\/posts\/49640\/revisions"}],"wp:featuredmedia":[{"embeddable":true,"href":"https:\/\/wp4wpuw.pedagog.uw.edu.pl\/test\/wp-json\/wp\/v2\/media\/49622"}],"wp:attachment":[{"href":"https:\/\/wp4wpuw.pedagog.uw.edu.pl\/test\/wp-json\/wp\/v2\/media?parent=49640"}],"wp:term":[{"taxonomy":"category","embeddable":true,"href":"https:\/\/wp4wpuw.pedagog.uw.edu.pl\/test\/wp-json\/wp\/v2\/categories?post=49640"},{"taxonomy":"post_tag","embeddable":true,"href":"https:\/\/wp4wpuw.pedagog.uw.edu.pl\/test\/wp-json\/wp\/v2\/tags?post=49640"},{"taxonomy":"post_folder","embeddable":true,"href":"https:\/\/wp4wpuw.pedagog.uw.edu.pl\/test\/wp-json\/wp\/v2\/post_folder?post=49640"}],"curies":[{"name":"wp","href":"https:\/\/api.w.org\/{rel}","templated":true}]}}