{"id":54092,"date":"2015-01-19T20:10:58","date_gmt":"2015-01-19T19:10:58","guid":{"rendered":"http:\/\/www.gamesfanatic.pl\/?p=54092"},"modified":"2023-01-14T23:39:43","modified_gmt":"2023-01-14T22:39:43","slug":"tajemniczy-mikolaj-oficjalne-podsumowanie","status":"publish","type":"post","link":"https:\/\/wp4wpuw.pedagog.uw.edu.pl\/test\/2015\/01\/19\/tajemniczy-mikolaj-oficjalne-podsumowanie\/","title":{"rendered":"Tajemniczy Miko\u0142aj &#8211;  oficjalne podsumowanie"},"content":{"rendered":"<p>Wszystkim bardzo dzi\u0119kujemy za udzia\u0142 w naszej akcji! Zar\u00f3wno tym, kt\u00f3rzy postanowili postanowili wys\u0142a\u0107 komu\u015b prezent i samemu jaki\u015b dosta\u0107, jak i tym, kt\u00f3rzy do\u0142\u0105czyli si\u0119 do cz\u0119\u015bci charytatywnej akcji, wysy\u0142aj\u0105c paczk\u0119 do plac\u00f3wek, kt\u00f3re nie mog\u0142y sobie pozwoli\u0107 na wzbogacenie swojej p\u00f3\u0142ki z grami.\u00a0<!--more--><\/p>\n<p>Poniewa\u017c wszyscy Miko\u0142aje byli Tajemniczy, mn\u00f3stwo obdarowanych plac\u00f3wek zdecydowa\u0142o si\u0119 do nas wys\u0142a\u0107 podzi\u0119kowania, maj\u0105c nadziej\u0119, \u017ce jako\u015b one trafi\u0105 do adresat\u00f3w.<strong> Podzi\u0119kowania te publikujemy poni\u017cej i zach\u0119camy do czytania.<\/strong> Chyba ka\u017cdemu pojawi si\u0119 u\u015bmiech na twarzy widz\u0105c, ile rado\u015bci mo\u017ce przynie\u015b\u0107\u00a0kilka gier!<\/p>\n<h4>Ilu by\u0142o Miko\u0142aj\u00f3w??<\/h4>\n<p>Z pewno\u015bci\u0105 wszystkich bardzo interesuje, ile os\u00f3b wzi\u0119\u0142o udzia\u0142 w akcji. Poniewa\u017c jeste\u015bmy bardzo dumni z ilo\u015bci uczestnik\u00f3w, podajemy dane:<\/p>\n<ul>\n<li>Os\u00f3b, kt\u00f3re dosta\u0142y paczk\u0119 od <span class=\"il\">Tajemniczego<\/span> <span class=\"il\">Miko\u0142aja i same wys\u0142a\u0142y &#8211;\u00a0<\/span><strong>107.<\/strong><\/li>\n<li>Os\u00f3b, kt\u00f3re wys\u0142a\u0142y paczk\u0119 charytatywnie \u00a0&#8211; <strong>76.<\/strong><\/li>\n<li>W sumie by\u0142o <strong>136<\/strong> <span class=\"il\">Tajemniczych<\/span><span class=\"il\">Miko\u0142aj<\/span>\u00f3w, z czego <strong>29<\/strong> wys\u0142a\u0142o tylko\u00a0charytatywn\u0105 paczk\u0119.<\/li>\n<\/ul>\n<p>Wynik ten nas bardzo mile zaskoczy\u0142 \ud83d\ude42<\/p>\n<h4>Czy wszyscy wys\u0142ali i dostali paczki?<\/h4>\n<p>Oczywi\u015bcie nie oby\u0142o si\u0119 bez pewnych problem\u00f3w &#8211; po losowaniu kilka os\u00f3b stwierdzi\u0142o, \u017ce jednak nie chc\u0105 wzi\u0105\u0107 udzia\u0142u w akcji. Po kilku dniach gor\u0105czkowych dzia\u0142a\u0144 \u00a0uda\u0142o nam si\u0119 to jako\u015b naprawi\u0107. Kilku Miko\u0142aj\u00f3w przespa\u0142o termin wysy\u0142ania paczek, ale w wi\u0119kszo\u015bci uda\u0142o nam si\u0119 ich dobudzi\u0107 na czas i wsp\u00f3lnymi si\u0142ami zapobiegli\u015bmy katastrofie \ud83d\ude00<\/p>\n<p>Niestety trafi\u0142y si\u0119 trzy czarne owce, kt\u00f3re nie wys\u0142a\u0142y paczek, z kt\u00f3rymi nagle kontakt si\u0119 urwa\u0142 lub kt\u00f3re d\u0142ugo t\u0142umaczy\u0142y, \u017ce wcale nie chcia\u0142y wzi\u0105\u0107 udzia\u0142u w akcji. Tutaj wkroczy\u0142 Rebelowy Miko\u0142aj, bo przecie\u017c nie mo\u017ce by\u0107 tak, \u017ce kto\u015b nie b\u0119dzie obdarowany! Paczki migiem opu\u015bci\u0142y fabryk\u0119 Miko\u0142aja i trafi\u0142y na czas pod choinki. \ud83d\ude42<\/p>\n<p><strong>Czy akcja Tajemniczy Miko\u0142aj b\u0119dzie powt\u00f3rzona w 2015?<\/strong><\/p>\n<p>Jeste\u015bmy zdecydowani powt\u00f3rzy\u0107 akcj\u0119 w tym roku, ale z pewnymi zmianami.<\/p>\n<ul>\n<li>Przede wszystkim cz\u0119\u015b\u0107 prezentowa b\u0119dzie tylko dla Sta\u0142ych Klient\u00f3w, b\u0119dzie ona ograniczona poziomem (najpewniej od 3 poziomu PDK).<\/li>\n<li>Cz\u0119\u015b\u0107 charytatywna b\u0119dzie oczywi\u015bcie og\u00f3lnie dost\u0119pna. Wiele plac\u00f3wek potrzebuje wsparcia, ale te\u017c wiele os\u00f3b ch\u0119tnie go udziela. Co prawda tutaj te\u017c zdarzy\u0142o si\u0119, \u017ce kilka os\u00f3b nie wys\u0142a\u0142o obiecanych paczek, ale na szcz\u0119\u015bcie ka\u017cda plac\u00f3wka mia\u0142a dosta\u0107 co najmniej dwie \ud83d\ude42 Tak wi\u0119c nikt nie pozosta\u0142 bez paczki.<\/li>\n<\/ul>\n<p>Oczywi\u015bcie zmiany w akcji zale\u017c\u0105 te\u017c od Was, tak wi\u0119c \u015bmia\u0142o nadsy\u0142ajcie swoje uwagi!<\/p>\n<p><strong>tajemniczymikolaj@rebel.pl<\/strong><\/p>\n<p>Zapraszamy na stron\u0119 po\u015bwi\u0119con\u0105 zabawie, gdzie mo\u017cna <a href=\"https:\/\/www.rebel.pl\/x.php\/1,562\/Tajemniczy-Mikolaj-podsumowanie.html\">przeczyta\u0107 podzi\u0119kowania obdarowanych instytucji<\/a>. <div class=\"clear\"><\/div><div class=\"divider\"><\/div>\n<p><span style=\"color: #3366ff;\">Games Fanatic<\/span> obj\u0105\u0142 patronatem medialnym te wydarzenie.<\/p>\n","protected":false},"excerpt":{"rendered":"<p>Wszystkim bardzo dzi\u0119kujemy za udzia\u0142 w naszej akcji! Zar\u00f3wno tym, kt\u00f3rzy postanowili postanowili wys\u0142a\u0107 komu\u015b prezent i samemu jaki\u015b dosta\u0107, jak i tym, kt\u00f3rzy do\u0142\u0105czyli si\u0119 do cz\u0119\u015bci charytatywnej akcji, wysy\u0142aj\u0105c paczk\u0119 do plac\u00f3wek, kt\u00f3re nie mog\u0142y sobie pozwoli\u0107 na wzbogacenie swojej p\u00f3\u0142ki z grami.\u00a0<\/p>\n","protected":false},"author":199,"featured_media":52402,"comment_status":"open","ping_status":"closed","sticky":false,"template":"","format":"standard","meta":{"cybocfi_hide_featured_image":"","footnotes":""},"categories":[],"tags":[],"post_folder":[],"class_list":["post-54092","post","type-post","status-publish","format-standard","has-post-thumbnail","hentry"],"_links":{"self":[{"href":"https:\/\/wp4wpuw.pedagog.uw.edu.pl\/test\/wp-json\/wp\/v2\/posts\/54092","targetHints":{"allow":["GET"]}}],"collection":[{"href":"https:\/\/wp4wpuw.pedagog.uw.edu.pl\/test\/wp-json\/wp\/v2\/posts"}],"about":[{"href":"https:\/\/wp4wpuw.pedagog.uw.edu.pl\/test\/wp-json\/wp\/v2\/types\/post"}],"author":[{"embeddable":true,"href":"https:\/\/wp4wpuw.pedagog.uw.edu.pl\/test\/wp-json\/wp\/v2\/users\/199"}],"replies":[{"embeddable":true,"href":"https:\/\/wp4wpuw.pedagog.uw.edu.pl\/test\/wp-json\/wp\/v2\/comments?post=54092"}],"version-history":[{"count":0,"href":"https:\/\/wp4wpuw.pedagog.uw.edu.pl\/test\/wp-json\/wp\/v2\/posts\/54092\/revisions"}],"wp:featuredmedia":[{"embeddable":true,"href":"https:\/\/wp4wpuw.pedagog.uw.edu.pl\/test\/wp-json\/wp\/v2\/media\/52402"}],"wp:attachment":[{"href":"https:\/\/wp4wpuw.pedagog.uw.edu.pl\/test\/wp-json\/wp\/v2\/media?parent=54092"}],"wp:term":[{"taxonomy":"category","embeddable":true,"href":"https:\/\/wp4wpuw.pedagog.uw.edu.pl\/test\/wp-json\/wp\/v2\/categories?post=54092"},{"taxonomy":"post_tag","embeddable":true,"href":"https:\/\/wp4wpuw.pedagog.uw.edu.pl\/test\/wp-json\/wp\/v2\/tags?post=54092"},{"taxonomy":"post_folder","embeddable":true,"href":"https:\/\/wp4wpuw.pedagog.uw.edu.pl\/test\/wp-json\/wp\/v2\/post_folder?post=54092"}],"curies":[{"name":"wp","href":"https:\/\/api.w.org\/{rel}","templated":true}]}}