{"id":55162,"date":"2015-03-09T21:47:31","date_gmt":"2015-03-09T20:47:31","guid":{"rendered":"http:\/\/www.gamesfanatic.pl\/?p=55162"},"modified":"2015-03-09T21:47:31","modified_gmt":"2015-03-09T20:47:31","slug":"pandemic-survival-relacja-z-brzeskiej-strefy-zamknietej","status":"publish","type":"post","link":"https:\/\/wp4wpuw.pedagog.uw.edu.pl\/test\/2015\/03\/09\/pandemic-survival-relacja-z-brzeskiej-strefy-zamknietej\/","title":{"rendered":"Pandemic Survival &#8211; relacja z brzeskiej strefy zamkni\u0119tej"},"content":{"rendered":"<p><a href=\"\/wp-content\/uploads\/2015\/03\/11021256_955543897804095_4238360608033359696_n.jpg\"><img loading=\"lazy\" decoding=\"async\" class=\"alignleft size-medium wp-image-55163\" src=\"\/wp-content\/uploads\/2015\/03\/11021256_955543897804095_4238360608033359696_n-200x133.jpg\" alt=\"Pandemia Survival\" width=\"200\" height=\"133\" srcset=\"https:\/\/wp4wpuw.pedagog.uw.edu.pl\/test\/wp-content\/uploads\/2015\/03\/11021256_955543897804095_4238360608033359696_n-200x133.jpg 200w, https:\/\/wp4wpuw.pedagog.uw.edu.pl\/test\/wp-content\/uploads\/2015\/03\/11021256_955543897804095_4238360608033359696_n.jpg 960w\" sizes=\"auto, (max-width: 200px) 100vw, 200px\" \/><\/a>Zgodnie z wcze\u015bniejszymi zapowiedziami, rozpocz\u0119to kompletowanie polskiego zespo\u0142u specjalist\u00f3w do spraw epidemiologicznych.<\/p>\n<p>22 lutego br. w miejscowo\u015bci Brzeg w\u00a0 wojew\u00f3dztwie opolskim, odby\u0142 si\u0119 pierwszy etap rekrutacji, kt\u00f3rego celem by\u0142o wy\u0142onienie pierwszych \u015bmia\u0142k\u00f3w, kt\u00f3rzy b\u0119d\u0105 ju\u017c za kilka miesi\u0119cy walczy\u0107 ze \u015bwiatowym kryzysem zdrowia ! Niestety zaobserwowali\u015bmy, \u017ce nasze spo\u0142ecze\u0144stwo jest ca\u0142kowicie zdezorientowane i przera\u017cone, nadchodz\u0105c\u0105 plag\u0105 nieznanych chor\u00f3b. Szok i niedowierzanie sparali\u017cowa\u0142o wielu ch\u0119tnych, kt\u00f3rzy nie dotarli do Brzegu. W pierwszym etapie rekrutacji udzia\u0142 wzi\u0119\u0142o zaledwie dwunastu \u015bmia\u0142k\u00f3w ! Zgodnie z za\u0142o\u017ceniem rekrutacji, zg\u0142osili si\u0119 wy\u0142\u0105cznie specjali\u015bci. Byli to Badacze oraz Sanitariusze.<\/p>\n<p>Jak im posz\u0142o? Dowiecie si\u0119 z <a href=\"http:\/\/www.lacerta.pl\/index.php\/archiwum-artykulow\/31-pandemia\/248-pandemia\">relacji na stronie Lacerty.<\/a>\u00a0Zapraszamy do lektury i udzia\u0142u w pospolitym rusz&#8230; odka\u017caniu!<\/p>\n","protected":false},"excerpt":{"rendered":"<p>Zgodnie z wcze\u015bniejszymi zapowiedziami, rozpocz\u0119to kompletowanie polskiego zespo\u0142u specjalist\u00f3w do spraw epidemiologicznych. 22 lutego br. w miejscowo\u015bci Brzeg w\u00a0 wojew\u00f3dztwie opolskim, odby\u0142 si\u0119 pierwszy etap rekrutacji, kt\u00f3rego celem by\u0142o wy\u0142onienie pierwszych \u015bmia\u0142k\u00f3w, kt\u00f3rzy b\u0119d\u0105 ju\u017c za kilka miesi\u0119cy walczy\u0107 ze \u015bwiatowym kryzysem zdrowia ! Niestety zaobserwowali\u015bmy, \u017ce nasze spo\u0142ecze\u0144stwo jest ca\u0142kowicie zdezorientowane i przera\u017cone, nadchodz\u0105c\u0105 &#8230;<\/p>\n","protected":false},"author":149,"featured_media":55163,"comment_status":"open","ping_status":"closed","sticky":false,"template":"","format":"standard","meta":{"cybocfi_hide_featured_image":"","footnotes":""},"categories":[],"tags":[],"post_folder":[],"class_list":["post-55162","post","type-post","status-publish","format-standard","has-post-thumbnail","hentry"],"_links":{"self":[{"href":"https:\/\/wp4wpuw.pedagog.uw.edu.pl\/test\/wp-json\/wp\/v2\/posts\/55162","targetHints":{"allow":["GET"]}}],"collection":[{"href":"https:\/\/wp4wpuw.pedagog.uw.edu.pl\/test\/wp-json\/wp\/v2\/posts"}],"about":[{"href":"https:\/\/wp4wpuw.pedagog.uw.edu.pl\/test\/wp-json\/wp\/v2\/types\/post"}],"author":[{"embeddable":true,"href":"https:\/\/wp4wpuw.pedagog.uw.edu.pl\/test\/wp-json\/wp\/v2\/users\/149"}],"replies":[{"embeddable":true,"href":"https:\/\/wp4wpuw.pedagog.uw.edu.pl\/test\/wp-json\/wp\/v2\/comments?post=55162"}],"version-history":[{"count":0,"href":"https:\/\/wp4wpuw.pedagog.uw.edu.pl\/test\/wp-json\/wp\/v2\/posts\/55162\/revisions"}],"wp:featuredmedia":[{"embeddable":true,"href":"https:\/\/wp4wpuw.pedagog.uw.edu.pl\/test\/wp-json\/wp\/v2\/media\/55163"}],"wp:attachment":[{"href":"https:\/\/wp4wpuw.pedagog.uw.edu.pl\/test\/wp-json\/wp\/v2\/media?parent=55162"}],"wp:term":[{"taxonomy":"category","embeddable":true,"href":"https:\/\/wp4wpuw.pedagog.uw.edu.pl\/test\/wp-json\/wp\/v2\/categories?post=55162"},{"taxonomy":"post_tag","embeddable":true,"href":"https:\/\/wp4wpuw.pedagog.uw.edu.pl\/test\/wp-json\/wp\/v2\/tags?post=55162"},{"taxonomy":"post_folder","embeddable":true,"href":"https:\/\/wp4wpuw.pedagog.uw.edu.pl\/test\/wp-json\/wp\/v2\/post_folder?post=55162"}],"curies":[{"name":"wp","href":"https:\/\/api.w.org\/{rel}","templated":true}]}}