{"id":699671,"date":"2016-06-25T08:00:07","date_gmt":"2016-06-25T06:00:07","guid":{"rendered":"http:\/\/www.gamesfanatic.pl\/?p=699671"},"modified":"2016-06-25T09:31:11","modified_gmt":"2016-06-25T07:31:11","slug":"patronat-gf-w-cieniu-tronu-tytul-krolowej-intryg","status":"publish","type":"post","link":"https:\/\/wp4wpuw.pedagog.uw.edu.pl\/test\/2016\/06\/25\/patronat-gf-w-cieniu-tronu-tytul-krolowej-intryg\/","title":{"rendered":"Patronat GF: W cieniu tronu &#8211; tytu\u0142 Kr\u00f3lowej Intryg"},"content":{"rendered":"<p style=\"text-align: justify;\">Dzi\u015b mamy dla Was konkursow\u0105 prac\u0119 <strong>magdy-17_17, <\/strong>kt\u00f3ra tym samy otrzymuje srebrny tytu\u0142 <strong>Kr\u00f3lowej Intryg. <\/strong>Gratulujemy i zapraszamy wszystkich do lektury :).<\/p>\n<p style=\"text-align: justify;\"><!--more--><\/p>\n<p style=\"text-align: center;\"><strong>Intryga w kr\u00f3lestwie<\/strong><\/p>\n<p style=\"text-align: center;\"><a href=\"\/wp-content\/uploads\/2016\/06\/w-cieniu-tronu-1.jpg\"><img loading=\"lazy\" decoding=\"async\" class=\"alignnone wp-image-696759 size-large\" src=\"\/wp-content\/uploads\/2016\/06\/w-cieniu-tronu-1-1024x682.jpg\" alt=\"W cieniu tronu (1)\" width=\"620\" height=\"413\" srcset=\"https:\/\/wp4wpuw.pedagog.uw.edu.pl\/test\/wp-content\/uploads\/2016\/06\/w-cieniu-tronu-1-1024x682.jpg 1024w, https:\/\/wp4wpuw.pedagog.uw.edu.pl\/test\/wp-content\/uploads\/2016\/06\/w-cieniu-tronu-1-200x133.jpg 200w, https:\/\/wp4wpuw.pedagog.uw.edu.pl\/test\/wp-content\/uploads\/2016\/06\/w-cieniu-tronu-1-768x511.jpg 768w, https:\/\/wp4wpuw.pedagog.uw.edu.pl\/test\/wp-content\/uploads\/2016\/06\/w-cieniu-tronu-1.jpg 1200w\" sizes=\"auto, (max-width: 620px) 100vw, 620px\" \/><\/a><\/p>\n<p style=\"text-align: justify;\">W kr\u00f3lewskim pa\u0142acu ka\u017cdy pragn\u0105\u0142 w\u0142adzy. Wielkiej w\u0142adzy.<\/p>\n<p style=\"text-align: justify;\">\u201eRz\u0105dzi\u0107, cho\u0107by w cieniu\u201d &#8211; o tym marzy\u0142 S\u0119dzia, kt\u00f3ry do tej pory by\u0142 najbli\u017cszym doradc\u0105<br \/>\nKr\u00f3la. Robi\u0142, co mu Kr\u00f3l kaza\u0142. Lecz mia\u0142 sw\u00f3j plan, o kt\u00f3rym nie informowa\u0142 nikogo. S\u0119dzia ju\u017c<br \/>\nod dawna zatrudni\u0142 swoich szpieg\u00f3w. P\u0142aci\u0142 im wysokie kwoty z kr\u00f3lewskiego skarbca. Nikt o tym<br \/>\nnie mia\u0142 poj\u0119cia. Chcia\u0142 on wy\u015bledzi\u0107 swoich wrog\u00f3w, kt\u00f3rzy chcieli jego \u015bmierci. Jednym z nich<br \/>\nby\u0142 pewien Alchemik, kt\u00f3ry poza magi\u0105 zajmowa\u0142 si\u0119 leczeniem mieszka\u0144c\u00f3w pa\u0142acu.<\/p>\n<p style=\"text-align: justify;\">S\u0119dzia mia\u0142 ju\u017c plan jak si\u0119 go pozby\u0107 z zamku. W tym celu zatrudni\u0142 Skrytob\u00f3jc\u0119. Wszystko zrobi\u0142<br \/>\nnie ujawniaj\u0105c si\u0119. List do skrytob\u00f3jcy wys\u0142a\u0142 pierwsz\u0105 sow\u0105, kt\u00f3r\u0105 kupi\u0142 na rynku. Po czym da\u0142 jej<br \/>\nwolno\u015b\u0107, a raczej \u015bmier\u0107, by mie\u0107 pewno\u015b\u0107, i\u017c nikt go z sow\u0105 nie powi\u0105\u017ce.<\/p>\n<p style=\"text-align: justify;\">Skrytob\u00f3jca podobnie jak i S\u0119dzia, dba\u0142 o swoj\u0105 to\u017csamo\u015b\u0107. Wiedzia\u0142, czym wi\u0105\u017ce si\u0119 zabijanie na<br \/>\nzlecenie. Nawet w tym kr\u00f3lestwie karano za to \u015bmierci\u0105. Chocia\u017c rzadko si\u0119 zdarza\u0142o, by kto\u015b<br \/>\ndoni\u00f3s\u0142 na skrytob\u00f3jc\u00f3w. Jednak si\u0119 zdarza\u0142o, wi\u0119c ostro\u017cno\u015b\u0107 dla niego by\u0142a najwa\u017cniejsza.<br \/>\nListy wysy\u0142a\u0142 sowami, krukami lub go\u0142\u0119biami. Zap\u0142aty domaga\u0142 si\u0119 przed wykonaniem zlecenia i<br \/>\nzawsze wysy\u0142aj\u0105c cennik us\u0142ug, dodawa\u0142 do niego map\u0119, kt\u00f3ra prowadzi\u0142a do skrytki na pieni\u0105dze.<br \/>\nMapa zawsze by\u0142a inna, tak jak i skrytki znajdowa\u0142y si\u0119 w r\u00f3\u017cnych miejscach. Jednak dodatkowo<br \/>\nmap\u0119 zawsze chcia\u0142 z powrotem. Wymaga\u0142, by mapa zosta\u0142a z pieni\u0119dzmi. P\u00f3\u017aniej j\u0105 pali\u0142.<\/p>\n<p style=\"text-align: justify;\">S\u0119dzia zatrudni\u0142 Skrytob\u00f3jc\u0119, by zabi\u0142 Alchemika. Jako, \u017ce Alchemik zna\u0142 si\u0119 na czarach,<br \/>\nSkrytob\u00f3jca musia\u0142 by\u0107 niezwykle ostro\u017cny. Jedno z wymaga\u0144 dotycz\u0105cych zlecenia brzmia\u0142o:<br \/>\n\u201enajlepiej, by\u015b go zabi\u0142 z dalekiej odleg\u0142o\u015bci.\u201d<\/p>\n<p style=\"text-align: justify;\">Skrytob\u00f3jca podj\u0105\u0142 si\u0119 zadania z dw\u00f3ch powod\u00f3w: ogromny zarobek + ciekawe wyzwanie.<\/p>\n<p style=\"text-align: justify;\"><a href=\"\/wp-content\/uploads\/2016\/06\/w-cieniu-tronu-2.jpg\"><img loading=\"lazy\" decoding=\"async\" class=\"aligncenter wp-image-696760 size-large\" src=\"\/wp-content\/uploads\/2016\/06\/w-cieniu-tronu-2-1024x682.jpg\" alt=\"W cieniu tronu (2)\" width=\"620\" height=\"413\" srcset=\"https:\/\/wp4wpuw.pedagog.uw.edu.pl\/test\/wp-content\/uploads\/2016\/06\/w-cieniu-tronu-2-1024x682.jpg 1024w, https:\/\/wp4wpuw.pedagog.uw.edu.pl\/test\/wp-content\/uploads\/2016\/06\/w-cieniu-tronu-2-200x133.jpg 200w, https:\/\/wp4wpuw.pedagog.uw.edu.pl\/test\/wp-content\/uploads\/2016\/06\/w-cieniu-tronu-2-768x511.jpg 768w, https:\/\/wp4wpuw.pedagog.uw.edu.pl\/test\/wp-content\/uploads\/2016\/06\/w-cieniu-tronu-2.jpg 1200w\" sizes=\"auto, (max-width: 620px) 100vw, 620px\" \/><\/a><\/p>\n<p style=\"text-align: justify;\">Tym samym czasie, ale ca\u0142kiem innym miejscu spotka\u0142o si\u0119 troje ludzi: Minstrel, Prorok i Genera\u0142.<br \/>\nPomys\u0142odawc\u0105 spotkania by\u0142 Minstrel, kt\u00f3ry martwi\u0142 si\u0119 o stan Kr\u00f3la. Jako, \u017ce na ka\u017cdych<br \/>\nimprezach to on by\u0142 najbli\u017cej, wiedzia\u0142 jak wielkie ryzyko Kr\u00f3l bierze na siebie. Chcia\u0142 zatem<br \/>\nzebra\u0107 informacje od Proroka dotycz\u0105ce przysz\u0142o\u015bci kr\u00f3lestwa. Dla genera\u0142a spotkanie by\u0142o r\u00f3wnie<br \/>\nwa\u017cne, bo zawsze lepiej wiedzie\u0107 wcze\u015bniej, co szykuje dla nich przysz\u0142o\u015b\u0107.<\/p>\n<p style=\"text-align: justify;\">Prorok by\u0142 prawdziwym jasnowidzem. Ju\u017c nie raz udowodni\u0142 swoj\u0105 warto\u015b\u0107 przekazuj\u0105c zdarzenia,<br \/>\nkt\u00f3re maj\u0105 si\u0119 zi\u015bci\u0107. Jeszcze ani razu si\u0119 nie pomyli\u0142.<br \/>\n\u2013 Widz\u0119 czarne chmury nad kr\u00f3lestwem \u2013 powiedzia\u0142 Prorok nieswoim g\u0142osem.<br \/>\n\u2013 Kr\u00f3l umrze? &#8211; spyta\u0142 si\u0119 Minstrel<br \/>\n\u2013 Nie on, nie on \u2013 odpowiedzia\u0142 Prorok. &#8211; Przynajmniej na razie on jest bezpieczny.<br \/>\nWcze\u015bniej za\u015b zniknie Alchemik, a bez niego pomocy wielu, wielu z nas umrze.<br \/>\n\u2013 Musimy co\u015b z tym zrobi\u0107. &#8211; Genera\u0142 zacz\u0105\u0142 si\u0119 denerwowa\u0107. &#8211; Mo\u017ce najpierw zadbajmy o<br \/>\nbezpiecze\u0144stwo Alchemika. Je\u015bli b\u0119dziemy mie\u0107 go na oku, nic si\u0119 nie stanie.<br \/>\n\u2013 Spr\u00f3bowa\u0107 mo\u017cna \u2013 odpowiedzia\u0142 Prorok. &#8211; Je\u015bli za\u015b chodzi o Kr\u00f3la&#8230; panowie? Ufamy<br \/>\nsobie?<br \/>\n\u2013 Jasne \u2013 odpowiedzieli jednocze\u015bnie Genera\u0142 z Minstrelem.<br \/>\n\u2013 Kr\u00f3l b\u0119dzie coraz s\u0142abszy, bowiem kto\u015b szycha na jego miejsce. Jestem pewien, \u017ce to nie o<br \/>\nWas chodzi, dlatego m\u00f3wi\u0119 o tym g\u0142o\u015bno. Ale musimy si\u0119 g\u0142\u0119boko zastanowi\u0107, co teraz<br \/>\nzrobimy z t\u0105 wiedz\u0105. Mamy trzy mo\u017cliwo\u015bci: a) m\u00f3wimy Kr\u00f3lowi, \u017ce b\u0119dzie podtruwany, b)<br \/>\nr\u00f3wnie\u017c jego pilnujemy, c) nie robimy niczego, co by mog\u0142o pom\u00f3c \u2013 uznajemy, \u017ce tego<br \/>\ntematu nie by\u0142o.<br \/>\n\u2013 Powinni\u015bmy dba\u0107 o naszego Kr\u00f3la \u2013 odezwa\u0142 si\u0119 Minstrel.<br \/>\n\u2013 Owszem \u2013 potwierdzi\u0142 Genera\u0142 \u2013 ale sam wiesz, \u017ce wi\u0119kszo\u015b\u0107 decyzji podejmuje S\u0119dzia,<br \/>\nkt\u00f3rego wr\u0119cz nie cierpi\u0119, reszt\u0119 Kr\u00f3lowa, kt\u00f3ra jest najlepsza w planowaniu intryg. Kr\u00f3l<br \/>\nkiedy\u015b umrze, zabije go kto\u015b z tej dw\u00f3jki. A my&#8230; my musimy dba\u0107 przede wszystkim o nasz<br \/>\ninteres, o nasze \u017cycie.<br \/>\n\u2013 Czyli jak rozumiem&#8230; tematu nie by\u0142o? &#8211; dopyta\u0142 Prorok.<br \/>\n\u2013 Nie by\u0142o \u2013 potwierdzili pozostali.<\/p>\n<p style=\"text-align: justify;\">Po rozmowie ka\u017cdy z nich poszed\u0142 w swoj\u0105 stron\u0119 i planowa\u0142 swoje dalsze kroki.<\/p>\n<p style=\"text-align: justify;\"><a href=\"\/wp-content\/uploads\/2016\/06\/w-cieniu-tronu-3.jpg\"><img loading=\"lazy\" decoding=\"async\" class=\"aligncenter wp-image-696761 size-large\" src=\"\/wp-content\/uploads\/2016\/06\/w-cieniu-tronu-3-1024x682.jpg\" alt=\"W cieniu tronu (3)\" width=\"620\" height=\"413\" srcset=\"https:\/\/wp4wpuw.pedagog.uw.edu.pl\/test\/wp-content\/uploads\/2016\/06\/w-cieniu-tronu-3-1024x682.jpg 1024w, https:\/\/wp4wpuw.pedagog.uw.edu.pl\/test\/wp-content\/uploads\/2016\/06\/w-cieniu-tronu-3-200x133.jpg 200w, https:\/\/wp4wpuw.pedagog.uw.edu.pl\/test\/wp-content\/uploads\/2016\/06\/w-cieniu-tronu-3-768x511.jpg 768w, https:\/\/wp4wpuw.pedagog.uw.edu.pl\/test\/wp-content\/uploads\/2016\/06\/w-cieniu-tronu-3.jpg 1200w\" sizes=\"auto, (max-width: 620px) 100vw, 620px\" \/><\/a><\/p>\n<p style=\"text-align: justify;\">Po spotkaniu z Prorokiem, Genera\u0142 poszed\u0142 do Kr\u00f3lowej. Akurat w tym momencie w jej komnatach<br \/>\nznajdowa\u0142 si\u0119 B\u0142azen. By\u0142 on g\u0142upi, wi\u0119c nikt nie kr\u0119powa\u0142 si\u0119 przy nim m\u00f3wi\u0107 o sprawach wagi<br \/>\npa\u0144stwowej.<\/p>\n<p style=\"text-align: justify;\">Genera\u0142 musia\u0142 przekaza\u0107 Kr\u00f3lowej informacje, kt\u00f3re uzyska\u0142 od Proroka. Zna\u0142 j\u0105 do\u015b\u0107 dobrze,<br \/>\nnawet bardzo dobrze. \u0141\u0105czy\u0142y ich intymne stosunki. Kocha\u0142 j\u0105, ale wiedzia\u0142, \u017ce m\u0119\u017ca nie opu\u015bci i<br \/>\nby\u0142 pewny, \u017ce do zbrodni zab\u00f3jstwa si\u0119 nie zni\u017cy. Dlatego wyjawi\u0142 jej wszystko, by sama zrobi\u0142a z<br \/>\ntamtej wiedzy po\u017cytek.<\/p>\n<p style=\"text-align: justify;\">Kr\u00f3lowa \u2013 kobieta czynu \u2013 postanowi\u0142a bardziej obserwowa\u0107 ludzi, kt\u00f3rzy kr\u0119c\u0105 si\u0119 przy Kr\u00f3lu.<br \/>\nBy\u0142a pewna, i\u017c podejrzenia Proroka s\u0105 b\u0142\u0119dne. Ani ona ani S\u0119dzie, nie zabili by Kr\u00f3la. Wiedzia\u0142a,<br \/>\n\u017ce S\u0119dzia, podobnie jak ona, wola\u0142 mie\u0107 Kr\u00f3la blisko, by by\u0142 jego marionetk\u0105. Ale je\u015bli nie on, to<br \/>\nkto?<\/p>\n<p style=\"text-align: justify;\">Genera\u0142 te\u017c odpada \u2013 pomy\u015bla\u0142a. &#8211; Prorok mu ufa, czyli jest pewn\u0105 osob\u0105, zreszt\u0105 nie zrobi\u0142by<br \/>\nniczego bez mojej zgody. B\u0142azen \u2013 dobry jest, by go mie\u0107 przy sobie. Ludzie nie kr\u0119puj\u0105 si\u0119 przy<br \/>\nnim niczego m\u00f3wi\u0107, wi\u0119c mo\u017ce by\u0107 dobrym s\u0142uchaczem.<br \/>\n\u2013 B\u0142a\u017anie \u2013 odezwa\u0142a si\u0119 Kr\u00f3lowa \u2013 przychod\u017a do mnie z ka\u017cd\u0105 us\u0142yszan\u0105 rozmow\u0105. Chc\u0119<br \/>\nwiedzie\u0107 wszystko, co ludzie przede mn\u0105 ukrywaj\u0105.<br \/>\n\u2013 Dobrze, o Pani \u2013 odpowiedzia\u0142.<\/p>\n<p style=\"text-align: justify;\"><a href=\"\/wp-content\/uploads\/2016\/06\/w-cieniu-tronu-4.jpg\"><img loading=\"lazy\" decoding=\"async\" class=\"aligncenter wp-image-696762 size-large\" src=\"\/wp-content\/uploads\/2016\/06\/w-cieniu-tronu-4-1024x682.jpg\" alt=\"W cieniu tronu (4)\" width=\"620\" height=\"413\" srcset=\"https:\/\/wp4wpuw.pedagog.uw.edu.pl\/test\/wp-content\/uploads\/2016\/06\/w-cieniu-tronu-4-1024x682.jpg 1024w, https:\/\/wp4wpuw.pedagog.uw.edu.pl\/test\/wp-content\/uploads\/2016\/06\/w-cieniu-tronu-4-200x133.jpg 200w, https:\/\/wp4wpuw.pedagog.uw.edu.pl\/test\/wp-content\/uploads\/2016\/06\/w-cieniu-tronu-4-768x511.jpg 768w, https:\/\/wp4wpuw.pedagog.uw.edu.pl\/test\/wp-content\/uploads\/2016\/06\/w-cieniu-tronu-4.jpg 1200w\" sizes=\"auto, (max-width: 620px) 100vw, 620px\" \/><\/a><br \/>\nNast\u0119pnie Kr\u00f3lowa wezwa\u0142a do siebie Minstrela i Alchemika.<\/p>\n<p style=\"text-align: justify;\">\u2013 Od dzi\u015b poza muzykowaniem, b\u0119dzie pr\u00f3bowa\u0142 ka\u017cdej potrawy Kr\u00f3la \u2013 zwr\u00f3ci\u0142a si\u0119 do<br \/>\nMinstrela. &#8211; Przynajmniej do czasu gdy nie znajdziemy kogo\u015b na etat&#8230; najlepiej kogo\u015b z<br \/>\nwyrokiem.<br \/>\n\u2013 Tak, pani.<br \/>\n\u2013 Nie martw si\u0119! Nic Ci si\u0119 nie powinno sta\u0107 \u2013 z u\u015bmiechem odpowiedzia\u0142a Kr\u00f3lowa. &#8211; A ty,<br \/>\nAlchemiku masz od dzi\u015b zadba\u0107 o odtrutki. Maj\u0105 by\u0107 wszystkiego, kt\u00f3re znasz.<br \/>\nKr\u00f3lowa podesz\u0142a do okno, pomy\u015bla\u0142a, po czym stwierdzi\u0142a:<br \/>\n\u2013 Spocz\u0119li\u015bmy na laurach, ch\u0142opcy. Wydawa\u0142o nam si\u0119, \u017ce wszystkich wrog\u00f3w pokonali\u015bmy, a<br \/>\noni wci\u0105\u017c s\u0105 na zamku i czyhaj\u0105 na nas.<\/p>\n<p style=\"text-align: justify;\">Po tych s\u0142owach Kr\u00f3lowa ich odprawi\u0142a.<\/p>\n<p style=\"text-align: justify;\"><a href=\"\/wp-content\/uploads\/2016\/06\/w-cieniu-tronu-5.jpg\"><img loading=\"lazy\" decoding=\"async\" class=\"aligncenter wp-image-696763 size-large\" src=\"\/wp-content\/uploads\/2016\/06\/w-cieniu-tronu-5-1024x682.jpg\" alt=\"W cieniu tronu (5)\" width=\"620\" height=\"413\" srcset=\"https:\/\/wp4wpuw.pedagog.uw.edu.pl\/test\/wp-content\/uploads\/2016\/06\/w-cieniu-tronu-5-1024x682.jpg 1024w, https:\/\/wp4wpuw.pedagog.uw.edu.pl\/test\/wp-content\/uploads\/2016\/06\/w-cieniu-tronu-5-200x133.jpg 200w, https:\/\/wp4wpuw.pedagog.uw.edu.pl\/test\/wp-content\/uploads\/2016\/06\/w-cieniu-tronu-5-768x511.jpg 768w, https:\/\/wp4wpuw.pedagog.uw.edu.pl\/test\/wp-content\/uploads\/2016\/06\/w-cieniu-tronu-5.jpg 1200w\" sizes=\"auto, (max-width: 620px) 100vw, 620px\" \/><\/a><\/p>\n<p style=\"text-align: justify;\">\u2013 Powiedzia\u0142e\u015b Kr\u00f3lowej wszystko, o czym powiedzia\u0142em? &#8211; zapyta\u0142 Prorok<br \/>\n\u2013 Tak. My\u015blisz, \u017ce Minstrel nie domy\u015bli si\u0119?<br \/>\n\u2013 Nie, on b\u0119dzie pewny, \u017ce to pan, Generale, wszystko miesza. I tak ma pozosta\u0107.<\/p>\n<p style=\"text-align: justify;\"><a href=\"\/wp-content\/uploads\/2016\/06\/w-cieniu-tronu-6.jpg\"><img loading=\"lazy\" decoding=\"async\" class=\"aligncenter wp-image-696764 size-large\" src=\"\/wp-content\/uploads\/2016\/06\/w-cieniu-tronu-6-1024x682.jpg\" alt=\"W cieniu tronu (6)\" width=\"620\" height=\"413\" srcset=\"https:\/\/wp4wpuw.pedagog.uw.edu.pl\/test\/wp-content\/uploads\/2016\/06\/w-cieniu-tronu-6-1024x682.jpg 1024w, https:\/\/wp4wpuw.pedagog.uw.edu.pl\/test\/wp-content\/uploads\/2016\/06\/w-cieniu-tronu-6-200x133.jpg 200w, https:\/\/wp4wpuw.pedagog.uw.edu.pl\/test\/wp-content\/uploads\/2016\/06\/w-cieniu-tronu-6-768x511.jpg 768w, https:\/\/wp4wpuw.pedagog.uw.edu.pl\/test\/wp-content\/uploads\/2016\/06\/w-cieniu-tronu-6.jpg 1200w\" sizes=\"auto, (max-width: 620px) 100vw, 620px\" \/><\/a><\/p>\n<p style=\"text-align: justify;\">Skrytob\u00f3jca dzia\u0142 w ukryciu. Lecz by\u0142y dwie osoby, kt\u00f3re zna\u0142y jego to\u017csamo\u015b\u0107. Jedn\u0105 z nich by\u0142a<br \/>\nKr\u00f3lowa.<\/p>\n<p style=\"text-align: justify;\">\u2013 Poznajcie si\u0119: Skrytob\u00f3jco, to jest Genera\u0142. Nie martw si\u0119, potrafi utrzyma\u0107 wszystko w<br \/>\nsekrecie. &#8211; rzek\u0142a.<br \/>\n\u2013 Mi\u0142o mi \u2013 powiedzia\u0142 Genera\u0142 i poda\u0142 r\u0119k\u0119.<br \/>\n\u2013 Mi r\u00f3wnie\u017c.<br \/>\n\u2013 Teraz przejd\u017amy do wa\u017cnych spraw. Otrzyma\u0142e\u015b mo\u017ce jakie\u015b zlecenia?<br \/>\n\u2013 Tak, Kr\u00f3lowo.<br \/>\n\u2013 Podziel si\u0119 z nami.<br \/>\n\u2013 Mam zabi\u0107 Alchemika.<br \/>\n\u2013 Dosz\u0142o do transakcji?<br \/>\n\u2013 Tak.<br \/>\n\u2013 A wi\u0119c&#8230; zabij go dopiero wtedy, gdy wydam na to zgod\u0119. Teraz jest nam ogromnie<br \/>\npotrzebny. Lecz wkr\u00f3tce b\u0119dziesz m\u00f3g\u0142 wykona\u0107 swoje zadanie. Mo\u017cesz ju\u017c i\u015b\u0107.<br \/>\n\u2013 Tak. Dzi\u0119ki, do zobaczenia \u2013 rzek\u0142 Skrytob\u00f3jca i wyszed\u0142.<br \/>\n\u2013 Generale, odkryj, kto da\u0142 mu to zlecenie. Nie b\u0119dzie to \u0142atwe zadanie. Jestem jednak pewna,<br \/>\ni\u017c by\u0142 to kto\u015b z zamku.<br \/>\n\u2013 Tak, Kr\u00f3lowo.<br \/>\n\u2013 Ty r\u00f3wnie\u017c mo\u017cesz ju\u017c i\u015b\u0107.<br \/>\n\u2013 Oczywi\u015bcie. B\u0119d\u0119 informowa\u0142 o post\u0119pach w \u015bledztwie.<\/p>\n<p style=\"text-align: justify;\"><a href=\"\/wp-content\/uploads\/2016\/06\/w-cieniu-tronu-7.jpg\"><img loading=\"lazy\" decoding=\"async\" class=\"aligncenter wp-image-696765 size-large\" src=\"\/wp-content\/uploads\/2016\/06\/w-cieniu-tronu-7-1024x682.jpg\" alt=\"W cieniu tronu (7)\" width=\"620\" height=\"413\" srcset=\"https:\/\/wp4wpuw.pedagog.uw.edu.pl\/test\/wp-content\/uploads\/2016\/06\/w-cieniu-tronu-7-1024x682.jpg 1024w, https:\/\/wp4wpuw.pedagog.uw.edu.pl\/test\/wp-content\/uploads\/2016\/06\/w-cieniu-tronu-7-200x133.jpg 200w, https:\/\/wp4wpuw.pedagog.uw.edu.pl\/test\/wp-content\/uploads\/2016\/06\/w-cieniu-tronu-7-768x511.jpg 768w, https:\/\/wp4wpuw.pedagog.uw.edu.pl\/test\/wp-content\/uploads\/2016\/06\/w-cieniu-tronu-7.jpg 1200w\" sizes=\"auto, (max-width: 620px) 100vw, 620px\" \/><\/a><\/p>\n<p style=\"text-align: justify;\">\u2013 Panowie, macie dla mnie nowe informacje?<br \/>\n\u2013 Alchemik jest w niebezpiecze\u0144stwie \u2013 powiedzia\u0142 Prorok.<br \/>\n\u2013 To ju\u017c wiem! Co\u015b innego?<br \/>\nWszyscy zamilkli.<br \/>\n\u2013 Mam plan. Proroku \u2013 od jutra masz m\u00f3wi\u0107 o kolejnym widzeniu, w kt\u00f3rym para kr\u00f3lewska<br \/>\nginie. To ma si\u0119 sta\u0107 w najbli\u017cszym czasie. M\u00f3w g\u0142o\u015bno, by wszyscy us\u0142yszeli. Skrytob\u00f3jco,<br \/>\nty mo\u017cesz ju\u017c zrobi\u0107 to, co masz do zrobienia. Generale, szykuj wojsko. Niech wie\u015b\u0107 g\u0142osi,<br \/>\n\u017ce wrogowie maj\u0105 nasz zaatakowa\u0107. Mi\u0142o by by\u0142o, gdyby posz\u0142a pewna plotka w \u015bwiat, o<br \/>\ntym, \u017ce mamy szpiega. To tyle.<\/p>\n<p style=\"text-align: justify;\"><a href=\"\/wp-content\/uploads\/2016\/06\/w-cieniu-tronu-8.jpg\"><img loading=\"lazy\" decoding=\"async\" class=\"aligncenter wp-image-696766 size-large\" src=\"\/wp-content\/uploads\/2016\/06\/w-cieniu-tronu-8-1024x682.jpg\" alt=\"W cieniu tronu (8)\" width=\"620\" height=\"413\" srcset=\"https:\/\/wp4wpuw.pedagog.uw.edu.pl\/test\/wp-content\/uploads\/2016\/06\/w-cieniu-tronu-8-1024x682.jpg 1024w, https:\/\/wp4wpuw.pedagog.uw.edu.pl\/test\/wp-content\/uploads\/2016\/06\/w-cieniu-tronu-8-200x133.jpg 200w, https:\/\/wp4wpuw.pedagog.uw.edu.pl\/test\/wp-content\/uploads\/2016\/06\/w-cieniu-tronu-8-768x511.jpg 768w, https:\/\/wp4wpuw.pedagog.uw.edu.pl\/test\/wp-content\/uploads\/2016\/06\/w-cieniu-tronu-8.jpg 1200w\" sizes=\"auto, (max-width: 620px) 100vw, 620px\" \/><\/a><br \/>\n\u2013 Zginiesz. Prorok tam powiedzia\u0142 \u2013 General rzek\u0142 do S\u0119dziego.<br \/>\n\u2013 Z tego, co mi wiadomo, kto\u015b inny ma zgin\u0105\u0107 \u2013 Minstrel stwierdzi\u0142.<br \/>\n\u2013 Pojawi\u0142a si\u0119 nowa wizja. Ma zgin\u0105\u0107 para kr\u00f3lewska, a p\u00f3\u017aniej najbli\u017csi doradcy. Opr\u00f3cz<br \/>\ntego szykuje si\u0119 wojna. Podobno jaki\u015b szpieg jest na zamku.<br \/>\n\u2013 Jakie bujdy \u2013 rzek\u0142 Minstrel<br \/>\n\u2013 Nie wierzysz? Bo ja mam powody do wiary. &#8211; Genera\u0142 pewny siebie podszed\u0142 do okna.<br \/>\n\u2013 Ja te\u017c sk\u0142onny jestem uwierzy\u0107 w te s\u0142owa \u2013 odrzek\u0142 S\u0119dzia. &#8211; No c\u00f3\u017c, zaczn\u0119 o siebie dba\u0107.<\/p>\n<p style=\"text-align: justify;\"><a href=\"\/wp-content\/uploads\/2016\/06\/w-cieniu-tronu-9.jpg\"><img loading=\"lazy\" decoding=\"async\" class=\"aligncenter wp-image-696767 size-large\" src=\"\/wp-content\/uploads\/2016\/06\/w-cieniu-tronu-9-1024x682.jpg\" alt=\"W cieniu tronu (9)\" width=\"620\" height=\"413\" srcset=\"https:\/\/wp4wpuw.pedagog.uw.edu.pl\/test\/wp-content\/uploads\/2016\/06\/w-cieniu-tronu-9-1024x682.jpg 1024w, https:\/\/wp4wpuw.pedagog.uw.edu.pl\/test\/wp-content\/uploads\/2016\/06\/w-cieniu-tronu-9-200x133.jpg 200w, https:\/\/wp4wpuw.pedagog.uw.edu.pl\/test\/wp-content\/uploads\/2016\/06\/w-cieniu-tronu-9-768x511.jpg 768w, https:\/\/wp4wpuw.pedagog.uw.edu.pl\/test\/wp-content\/uploads\/2016\/06\/w-cieniu-tronu-9.jpg 1200w\" sizes=\"auto, (max-width: 620px) 100vw, 620px\" \/><\/a><\/p>\n<p style=\"text-align: justify;\">Rozmawiaj\u0105c nawet nie zauwa\u017cyli, i\u017c B\u0142azen pojawi\u0142 si\u0119 obok nich. S\u0142ysza\u0142 wszystko, co chcia\u0142<br \/>\nus\u0142ysze\u0107.<\/p>\n<p style=\"text-align: justify;\"><a href=\"\/wp-content\/uploads\/2016\/06\/w-cieniu-tronu-10.jpg\"><img loading=\"lazy\" decoding=\"async\" class=\"aligncenter wp-image-696768 size-large\" src=\"\/wp-content\/uploads\/2016\/06\/w-cieniu-tronu-10-1024x682.jpg\" alt=\"W cieniu tronu (10)\" width=\"620\" height=\"413\" srcset=\"https:\/\/wp4wpuw.pedagog.uw.edu.pl\/test\/wp-content\/uploads\/2016\/06\/w-cieniu-tronu-10-1024x682.jpg 1024w, https:\/\/wp4wpuw.pedagog.uw.edu.pl\/test\/wp-content\/uploads\/2016\/06\/w-cieniu-tronu-10-200x133.jpg 200w, https:\/\/wp4wpuw.pedagog.uw.edu.pl\/test\/wp-content\/uploads\/2016\/06\/w-cieniu-tronu-10-768x511.jpg 768w, https:\/\/wp4wpuw.pedagog.uw.edu.pl\/test\/wp-content\/uploads\/2016\/06\/w-cieniu-tronu-10.jpg 1200w\" sizes=\"auto, (max-width: 620px) 100vw, 620px\" \/><\/a><\/p>\n<p style=\"text-align: justify;\">W sali kr\u00f3lewskiej spotkali si\u0119 wszyscy, kt\u00f3rzy mieli om\u00f3wi\u0107 wa\u017cne sprawy wagi pa\u0144stwowej.<\/p>\n<p style=\"text-align: justify;\">Genera\u0142 opowiada\u0142 o planach wojskowych, S\u0119dzia o zmianach w planie. B\u0142azen dostarcza\u0142<br \/>\nwszystkim humory, a Minstrel gra\u0142 pi\u0119knie na swoich instrumentach.<\/p>\n<p style=\"text-align: justify;\"><a href=\"\/wp-content\/uploads\/2016\/06\/w-cieniu-tronu-11.jpg\"><img loading=\"lazy\" decoding=\"async\" class=\"aligncenter wp-image-696769 size-large\" src=\"\/wp-content\/uploads\/2016\/06\/w-cieniu-tronu-11-1024x682.jpg\" alt=\"W cieniu tronu (11)\" width=\"620\" height=\"413\" srcset=\"https:\/\/wp4wpuw.pedagog.uw.edu.pl\/test\/wp-content\/uploads\/2016\/06\/w-cieniu-tronu-11-1024x682.jpg 1024w, https:\/\/wp4wpuw.pedagog.uw.edu.pl\/test\/wp-content\/uploads\/2016\/06\/w-cieniu-tronu-11-200x133.jpg 200w, https:\/\/wp4wpuw.pedagog.uw.edu.pl\/test\/wp-content\/uploads\/2016\/06\/w-cieniu-tronu-11-768x511.jpg 768w, https:\/\/wp4wpuw.pedagog.uw.edu.pl\/test\/wp-content\/uploads\/2016\/06\/w-cieniu-tronu-11.jpg 1200w\" sizes=\"auto, (max-width: 620px) 100vw, 620px\" \/><\/a><\/p>\n<p style=\"text-align: justify;\">Po om\u00f3wieniu spraw wagi pa\u0144stwowej Kr\u00f3l spotka\u0142 si\u0119 z Skrytob\u00f3jc\u0105.<\/p>\n<p style=\"text-align: justify;\">\u2013 Zabij j\u0105 i jego \u2013 powiedzia\u0142<br \/>\n\u2013 Tak, Kr\u00f3lu.<br \/>\n\u2013 Zr\u00f3b to tak, by wina spad\u0142a na zdrajc\u0119.<br \/>\n\u2013 Tak jest.<br \/>\n\u2013 Mo\u017cesz odej\u015b\u0107.<\/p>\n<p style=\"text-align: justify;\"><a href=\"\/wp-content\/uploads\/2016\/06\/w-cieniu-tronu-12.jpg\"><img loading=\"lazy\" decoding=\"async\" class=\"aligncenter wp-image-696770 size-large\" src=\"\/wp-content\/uploads\/2016\/06\/w-cieniu-tronu-12-1024x682.jpg\" alt=\"W cieniu tronu (12)\" width=\"620\" height=\"413\" srcset=\"https:\/\/wp4wpuw.pedagog.uw.edu.pl\/test\/wp-content\/uploads\/2016\/06\/w-cieniu-tronu-12-1024x682.jpg 1024w, https:\/\/wp4wpuw.pedagog.uw.edu.pl\/test\/wp-content\/uploads\/2016\/06\/w-cieniu-tronu-12-200x133.jpg 200w, https:\/\/wp4wpuw.pedagog.uw.edu.pl\/test\/wp-content\/uploads\/2016\/06\/w-cieniu-tronu-12-768x511.jpg 768w, https:\/\/wp4wpuw.pedagog.uw.edu.pl\/test\/wp-content\/uploads\/2016\/06\/w-cieniu-tronu-12.jpg 1200w\" sizes=\"auto, (max-width: 620px) 100vw, 620px\" \/><\/a><br \/>\n\u2013 Witajcie. Proroku, Skrytob\u00f3jco. Zrobili\u015bcie wszystko, o co prosi\u0142em. Nikt si\u0119 nie domy\u015bli\u0142,<br \/>\n\u017ce pragn\u0119 \u015bmierci Kr\u00f3lowej i Genera\u0142a. Dzi\u0119kuje Wam za pomoc. Ale dlaczego zgin\u0105\u0142 ten<br \/>\nAlchemik?<br \/>\n\u2013 Dosta\u0142em takie zlecenie. Kr\u00f3lowa pozwoli\u0142a mi je wykona\u0107. &#8211; powiedzia\u0142 Skrytob\u00f3jca.<br \/>\n\u2013 Doskonale, \u017ce zabi\u0142e\u015b j\u0105 zanim ona zabi\u0142a mnie. My\u015bla\u0142a, \u017ce si\u0119 nie dowiem, \u017ce chcia\u0142a mnie<br \/>\notru\u0107. \u015awietnie gra\u0142a, to musz\u0119 przyzna\u0107. Biedny Minstrel, zgin\u0105\u0142, bym ja nie zgin\u0105\u0142. A co<br \/>\nsi\u0119 sta\u0142o B\u0142aznem?<br \/>\n\u2013 Jest w lepszym \u015bwiecie \u2013 tym razem odpowiedzia\u0142 Prorok,<br \/>\n\u2013 Pozosta\u0142 S\u0119dzia \u2013 p\u00f3ki co jemu ufam. Przynajmniej na razie&#8230;<\/p>\n","protected":false},"excerpt":{"rendered":"<p>Dzi\u015b mamy dla Was konkursow\u0105 prac\u0119 magdy-17_17, kt\u00f3ra tym samy otrzymuje srebrny tytu\u0142 Kr\u00f3lowej Intryg. Gratulujemy i zapraszamy wszystkich do lektury :).<\/p>\n","protected":false},"author":8850,"featured_media":623901,"comment_status":"open","ping_status":"closed","sticky":false,"template":"","format":"standard","meta":{"cybocfi_hide_featured_image":"","footnotes":""},"categories":[],"tags":[],"post_folder":[],"class_list":["post-699671","post","type-post","status-publish","format-standard","has-post-thumbnail","hentry"],"_links":{"self":[{"href":"https:\/\/wp4wpuw.pedagog.uw.edu.pl\/test\/wp-json\/wp\/v2\/posts\/699671","targetHints":{"allow":["GET"]}}],"collection":[{"href":"https:\/\/wp4wpuw.pedagog.uw.edu.pl\/test\/wp-json\/wp\/v2\/posts"}],"about":[{"href":"https:\/\/wp4wpuw.pedagog.uw.edu.pl\/test\/wp-json\/wp\/v2\/types\/post"}],"author":[{"embeddable":true,"href":"https:\/\/wp4wpuw.pedagog.uw.edu.pl\/test\/wp-json\/wp\/v2\/users\/8850"}],"replies":[{"embeddable":true,"href":"https:\/\/wp4wpuw.pedagog.uw.edu.pl\/test\/wp-json\/wp\/v2\/comments?post=699671"}],"version-history":[{"count":0,"href":"https:\/\/wp4wpuw.pedagog.uw.edu.pl\/test\/wp-json\/wp\/v2\/posts\/699671\/revisions"}],"wp:featuredmedia":[{"embeddable":true,"href":"https:\/\/wp4wpuw.pedagog.uw.edu.pl\/test\/wp-json\/wp\/v2\/media\/623901"}],"wp:attachment":[{"href":"https:\/\/wp4wpuw.pedagog.uw.edu.pl\/test\/wp-json\/wp\/v2\/media?parent=699671"}],"wp:term":[{"taxonomy":"category","embeddable":true,"href":"https:\/\/wp4wpuw.pedagog.uw.edu.pl\/test\/wp-json\/wp\/v2\/categories?post=699671"},{"taxonomy":"post_tag","embeddable":true,"href":"https:\/\/wp4wpuw.pedagog.uw.edu.pl\/test\/wp-json\/wp\/v2\/tags?post=699671"},{"taxonomy":"post_folder","embeddable":true,"href":"https:\/\/wp4wpuw.pedagog.uw.edu.pl\/test\/wp-json\/wp\/v2\/post_folder?post=699671"}],"curies":[{"name":"wp","href":"https:\/\/api.w.org\/{rel}","templated":true}]}}