{"id":701005,"date":"2016-06-28T16:00:00","date_gmt":"2016-06-28T14:00:00","guid":{"rendered":"http:\/\/www.gamesfanatic.pl\/?p=701005"},"modified":"2017-04-04T08:24:43","modified_gmt":"2017-04-04T06:24:43","slug":"patronat-gf-zapraszamy-na-geek-expansion","status":"publish","type":"post","link":"https:\/\/wp4wpuw.pedagog.uw.edu.pl\/test\/2016\/06\/28\/patronat-gf-zapraszamy-na-geek-expansion\/","title":{"rendered":"Patronat GF: Zapraszamy na Geek Expansion"},"content":{"rendered":"<p><img loading=\"lazy\" decoding=\"async\" class=\"size-medium wp-image-701006 alignleft\" src=\"\/wp-content\/uploads\/2016\/06\/ge_banner_wade-1-200x100.jpg\" alt=\"GE_banner_wade\" width=\"200\" height=\"100\" srcset=\"https:\/\/wp4wpuw.pedagog.uw.edu.pl\/test\/wp-content\/uploads\/2016\/06\/ge_banner_wade-1-200x100.jpg 200w, https:\/\/wp4wpuw.pedagog.uw.edu.pl\/test\/wp-content\/uploads\/2016\/06\/ge_banner_wade-1-768x384.jpg 768w, https:\/\/wp4wpuw.pedagog.uw.edu.pl\/test\/wp-content\/uploads\/2016\/06\/ge_banner_wade-1.jpg 800w\" sizes=\"auto, (max-width: 200px) 100vw, 200px\" \/>Wakacje rozpocz\u0119\u0142y si\u0119 rado\u015bnie i upalnie! Mamy nadziej\u0119, \u017ce macie fantastyczne plany na lato i \u017ce oczywi\u015bcie gdzie\u015b pomi\u0119dzy le\u017ceniem na pla\u017cy i g\u00f3rskimi w\u0119dr\u00f3wkami znajdzie si\u0119 troch\u0119 czasu\u00a0na gry planszowe! Mamy dla Was wspania\u0142\u0105 propozycj\u0119 na plansz\u00f3wkowe zako\u0144czenie tegorocznych wakacji. Co prawda jeszcze do tego sporo czasu, ale warto ju\u017c dzi\u015b zanotowa\u0107 w kalendarzu: <strong>26-28 sierpnia Konwent Gier i Fantastyki GEEK EXPANSION<\/strong> w Gr\u00f3jcu!<\/p>\n<p><!--more--><\/p>\n<p>Kr\u00f3tko, zwi\u0119\u017ale i na temat:<\/p>\n<p>CO?<br \/>\nPierwszy gr\u00f3jecki Konwent Gier i Fantastyki, na kt\u00f3rym znajdziecie zar\u00f3wno gry planszowe, jak i karciane, a tak\u017ce blok gier bitewnych, RPG oraz wideo. Ponadto ciekawe prelekcje z zakresu fantastyki, seanse filmowe oraz loterie i turnieje z ca\u0142\u0105 mas\u0105 fantastycznych plansz\u00f3wek do wygrania!<\/p>\n<p>GDZIE?<br \/>\nImpreza odbywa\u0107 si\u0119 b\u0119dzie w Gr\u00f3jeckim O\u015brodku Kultury.<\/p>\n<p>KIEDY?<br \/>\nGeek Expansion to a\u017c 3 dni wspania\u0142ej zabawy. Od 26 do 28 sierpnia 2016 roku.<\/p>\n<p>Wi\u0119cej informacji znajdziecie na stronie oraz na <a href=\"https:\/\/www.facebook.com\/events\/1501037703526228\/\">facebooku <\/a>wydarzenia.<\/p>\n<p><img loading=\"lazy\" decoding=\"async\" class=\"aligncenter wp-image-701007 size-full\" src=\"\/wp-content\/uploads\/2016\/06\/plakat_nowy.jpg\" alt=\"Plakat_nowy\" width=\"848\" height=\"1200\" srcset=\"https:\/\/wp4wpuw.pedagog.uw.edu.pl\/test\/wp-content\/uploads\/2016\/06\/plakat_nowy.jpg 848w, https:\/\/wp4wpuw.pedagog.uw.edu.pl\/test\/wp-content\/uploads\/2016\/06\/plakat_nowy-141x200.jpg 141w, https:\/\/wp4wpuw.pedagog.uw.edu.pl\/test\/wp-content\/uploads\/2016\/06\/plakat_nowy-768x1087.jpg 768w, https:\/\/wp4wpuw.pedagog.uw.edu.pl\/test\/wp-content\/uploads\/2016\/06\/plakat_nowy-724x1024.jpg 724w\" sizes=\"auto, (max-width: 848px) 100vw, 848px\" \/><\/p>\n<p>&nbsp;<\/p>\n<p><span class=\"fsl\"><em><span class=\"fsl\">\u00a0\u00a0\u00a0\u00a0<\/span><\/em><\/span><\/p>\n<p>&nbsp;<\/p>\n","protected":false},"excerpt":{"rendered":"<p>Wakacje rozpocz\u0119\u0142y si\u0119 rado\u015bnie i upalnie! Mamy nadziej\u0119, \u017ce macie fantastyczne plany na lato i \u017ce oczywi\u015bcie gdzie\u015b pomi\u0119dzy le\u017ceniem na pla\u017cy i g\u00f3rskimi w\u0119dr\u00f3wkami znajdzie si\u0119 troch\u0119 czasu\u00a0na gry planszowe! Mamy dla Was wspania\u0142\u0105 propozycj\u0119 na plansz\u00f3wkowe zako\u0144czenie tegorocznych wakacji. Co prawda jeszcze do tego sporo czasu, ale warto ju\u017c dzi\u015b zanotowa\u0107 w kalendarzu: &#8230;<\/p>\n","protected":false},"author":8856,"featured_media":701008,"comment_status":"open","ping_status":"closed","sticky":false,"template":"","format":"standard","meta":{"cybocfi_hide_featured_image":"","footnotes":""},"categories":[],"tags":[],"post_folder":[],"class_list":["post-701005","post","type-post","status-publish","format-standard","has-post-thumbnail","hentry"],"_links":{"self":[{"href":"https:\/\/wp4wpuw.pedagog.uw.edu.pl\/test\/wp-json\/wp\/v2\/posts\/701005","targetHints":{"allow":["GET"]}}],"collection":[{"href":"https:\/\/wp4wpuw.pedagog.uw.edu.pl\/test\/wp-json\/wp\/v2\/posts"}],"about":[{"href":"https:\/\/wp4wpuw.pedagog.uw.edu.pl\/test\/wp-json\/wp\/v2\/types\/post"}],"author":[{"embeddable":true,"href":"https:\/\/wp4wpuw.pedagog.uw.edu.pl\/test\/wp-json\/wp\/v2\/users\/8856"}],"replies":[{"embeddable":true,"href":"https:\/\/wp4wpuw.pedagog.uw.edu.pl\/test\/wp-json\/wp\/v2\/comments?post=701005"}],"version-history":[{"count":0,"href":"https:\/\/wp4wpuw.pedagog.uw.edu.pl\/test\/wp-json\/wp\/v2\/posts\/701005\/revisions"}],"wp:featuredmedia":[{"embeddable":true,"href":"https:\/\/wp4wpuw.pedagog.uw.edu.pl\/test\/wp-json\/wp\/v2\/media\/701008"}],"wp:attachment":[{"href":"https:\/\/wp4wpuw.pedagog.uw.edu.pl\/test\/wp-json\/wp\/v2\/media?parent=701005"}],"wp:term":[{"taxonomy":"category","embeddable":true,"href":"https:\/\/wp4wpuw.pedagog.uw.edu.pl\/test\/wp-json\/wp\/v2\/categories?post=701005"},{"taxonomy":"post_tag","embeddable":true,"href":"https:\/\/wp4wpuw.pedagog.uw.edu.pl\/test\/wp-json\/wp\/v2\/tags?post=701005"},{"taxonomy":"post_folder","embeddable":true,"href":"https:\/\/wp4wpuw.pedagog.uw.edu.pl\/test\/wp-json\/wp\/v2\/post_folder?post=701005"}],"curies":[{"name":"wp","href":"https:\/\/api.w.org\/{rel}","templated":true}]}}