{"id":749,"date":"2007-07-24T08:01:00","date_gmt":"2007-07-24T08:01:00","guid":{"rendered":"http:\/\/gamesfanatic.wordpress.com\/2007\/07\/24\/pitchcar-mistrzostwa-gliwic-2007-trasa-ii\/"},"modified":"2014-05-20T19:06:36","modified_gmt":"2014-05-20T17:06:36","slug":"pitchcar-mistrzostwa-gliwic-2007-trasa-ii","status":"publish","type":"post","link":"https:\/\/wp4wpuw.pedagog.uw.edu.pl\/test\/2007\/07\/24\/pitchcar-mistrzostwa-gliwic-2007-trasa-ii\/","title":{"rendered":"Pitchcar Mistrzostwa Gliwic 2007 &#8211; trasa II"},"content":{"rendered":"<p>Nie mam foty, zapomnia\u0142em wzi\u0105\u0107 do Kredensu aparat i nie mo\u017cemy pokaza\u0107 naszej trasy. Mam szczer\u0105 nadziej\u0119, \u017ce next week uda mi si\u0119 pokona\u0107 skleroz\u0119 i wzi\u0105\u0107 sprz\u0119t. Poka\u017cemy tras\u0119 i nasze bu\u017aki cudne.<!--more--><\/p>\n<p>Tymczasem do Kredensu zawita\u0142y wakacje i w drugim wy\u015bcigu nast\u0105pi\u0142y spore przetasowania osobowe. Oto szczeg\u00f3\u0142y:<\/p>\n<p><strong>Team Ferrari<\/strong> (bez zmian):<br \/>\nOla i Multidej<\/p>\n<p><strong>Team McLaren<\/strong> (po\u0142owa sk\u0142adu!):<br \/>\nTrzewik<\/p>\n<p><strong>Team Tr4b4nt<\/strong>:<br \/>\nNieobecny<\/p>\n<p><strong>Team Yugo<\/strong>:<br \/>\nNieobecny<\/p>\n<p><strong>Team BMW<\/strong>:<br \/>\nSp\u00f3\u017aniony na kwalifikacje<\/p>\n<p><strong>Team Renault<\/strong> (nowy zawodnik!):<br \/>\nMarcin i Micha\u0142<\/p>\n<p><strong>Team Honda<\/strong> (nowy team!)<br \/>\nTomek i Agnieszka<\/p>\n<p>W sk\u0142adzie wi\u0119c siedmiosobowym przyst\u0105pili\u015bmy do kwalifikacji. Wszyscy pewni, \u017ce wezm\u0105 udzia\u0142 w wy\u015bcigu, wszyscy w komfortowych warunkach, wszyscy na luzie. No, na najwi\u0119kszym ludzie to by\u0142em ja, bo jak pstrykn\u0105\u0142em m\u00f3j bolid, to przelecia\u0142 przez p\u00f3\u0142 pomieszczenia i wpad\u0142 pod szaf\u0119. Dzi\u0119ki temu szczyc\u0119 si\u0119 najgorszym czasem &#8211; dobre 15 sekund zaj\u0119\u0142o poszukiwanie bolidu, drugie tyle sk\u0142adanie si\u0119 ze \u015bmiechu&#8230;<\/p>\n<p>Oto wyniki kwalifikacji:<\/p>\n<p>1. Ola, 4 pstrykni\u0119cia, 11 sekund<br \/>\n2. Trzewik, 5 pstrykni\u0119\u0107, 34 sekundy<br \/>\n3. Marcin, 6 pstrykni\u0119\u0107, 9,50 sekundy<br \/>\n4. Micha\u0142, 6 pstrykni\u0119\u0107, 9,70 sekundy<br \/>\n5. Multidej, 6 pstrykni\u0119\u0107, 16,37 sekundy<br \/>\n6. Agnieszka, 8 pstrykni\u0119\u0107, 13,91 sekundy<br \/>\n7. Tomek, 8 pstrykni\u0119\u0107, 15,93 sekundy<\/p>\n<p>Wy\u015bcig zapowiada\u0142 si\u0119 na spacerek, co prawda zosta\u0142em wyprzedzony przez Ol\u0119, lecz nie martwi\u0142o mnie to nic a nic, zawodnik, kt\u00f3rego najbardziej si\u0119 obawia\u0142em, Multiedej, by\u0142 na dalekim, 5tym miejscu na starcie, wydawa\u0142o si\u0119, \u017ce zwyci\u0119stwo mam w kieszeni.<\/p>\n<p>C\u00f3\u017c, skoro w kieszeni zwyci\u0119stwo, a w sercu pycha&#8230;<\/p>\n<p>Wyprzedzi\u0142em Ol\u0119 na pierwszym okr\u0105\u017ceniu, prowadzi\u0142em na drugim i pod koniec drugiego pstrykn\u0105\u0142em frywolnie, Ola za\u015b konsekwentnie, powa\u017cnie, ja zn\u00f3w frywolnie, Ola rzetelnie, konsekwentnie, ja ju\u017c rozpaczliwie, Ola spokojnie, profesjonalnie&#8230;<\/p>\n<p>Wyniki ko\u0144cowe:<br \/>\n<strong>1. Ola<\/strong><br \/>\n<strong>2. Trzewik<\/strong><br \/>\n<strong>3. Multidej<\/strong><br \/>\n4. Micha\u0142<br \/>\n5. Tomek<br \/>\n6. Marcin<br \/>\n7. Agnieszka<\/p>\n<p>Za tydzie\u0144 w Kredensie nie pojawi si\u0119 frywolny Trzewik. O, nie. Spodziewajcie si\u0119 rze\u017anika trzewika.<\/p>\n<p>P\u00f3ki co, klasyfikacja generalna kierowc\u00f3w:<br \/>\n1. Trzewik, 18 pts. (II wy\u015bcigi)<br \/>\n2. Ola, 10 pts. (II wy\u015bcigi)<br \/>\n3. Multidej, 9 pts. (II wy\u015bcigi)<br \/>\n4. Merry, 8 pts. (I wy\u015bcig)<br \/>\n5. M4tti, 6 pts. (I wy\u015bcigi)<br \/>\n6. Andrzej, 5 pts. (I wy\u015bcig)<br \/>\n7. Micha\u0142, 5 pts. (I wy\u015bcig)<br \/>\n8. Bors, 4 pts. (I wy\u015bcig)<br \/>\n9. Tomek, 4 pts. (I wy\u015bcig)<br \/>\n10. Marcin, 4 pts. (II wy\u015bcigi)<br \/>\n11. Korze\u0144, 2 pts. (I wy\u015bcig)<br \/>\n12. Agnieszka, 2 pts. (I wy\u015bcig)<\/p>\n","protected":false},"excerpt":{"rendered":"<p>Nie mam foty, zapomnia\u0142em wzi\u0105\u0107 do Kredensu aparat i nie mo\u017cemy pokaza\u0107 naszej trasy. Mam szczer\u0105 nadziej\u0119, \u017ce next week uda mi si\u0119 pokona\u0107 skleroz\u0119 i wzi\u0105\u0107 sprz\u0119t. Poka\u017cemy tras\u0119 i nasze bu\u017aki cudne.<\/p>\n","protected":false},"author":14,"featured_media":0,"comment_status":"open","ping_status":"closed","sticky":false,"template":"","format":"standard","meta":{"cybocfi_hide_featured_image":"","footnotes":""},"categories":[],"tags":[],"post_folder":[],"class_list":["post-749","post","type-post","status-publish","format-standard","hentry"],"_links":{"self":[{"href":"https:\/\/wp4wpuw.pedagog.uw.edu.pl\/test\/wp-json\/wp\/v2\/posts\/749","targetHints":{"allow":["GET"]}}],"collection":[{"href":"https:\/\/wp4wpuw.pedagog.uw.edu.pl\/test\/wp-json\/wp\/v2\/posts"}],"about":[{"href":"https:\/\/wp4wpuw.pedagog.uw.edu.pl\/test\/wp-json\/wp\/v2\/types\/post"}],"author":[{"embeddable":true,"href":"https:\/\/wp4wpuw.pedagog.uw.edu.pl\/test\/wp-json\/wp\/v2\/users\/14"}],"replies":[{"embeddable":true,"href":"https:\/\/wp4wpuw.pedagog.uw.edu.pl\/test\/wp-json\/wp\/v2\/comments?post=749"}],"version-history":[{"count":0,"href":"https:\/\/wp4wpuw.pedagog.uw.edu.pl\/test\/wp-json\/wp\/v2\/posts\/749\/revisions"}],"wp:attachment":[{"href":"https:\/\/wp4wpuw.pedagog.uw.edu.pl\/test\/wp-json\/wp\/v2\/media?parent=749"}],"wp:term":[{"taxonomy":"category","embeddable":true,"href":"https:\/\/wp4wpuw.pedagog.uw.edu.pl\/test\/wp-json\/wp\/v2\/categories?post=749"},{"taxonomy":"post_tag","embeddable":true,"href":"https:\/\/wp4wpuw.pedagog.uw.edu.pl\/test\/wp-json\/wp\/v2\/tags?post=749"},{"taxonomy":"post_folder","embeddable":true,"href":"https:\/\/wp4wpuw.pedagog.uw.edu.pl\/test\/wp-json\/wp\/v2\/post_folder?post=749"}],"curies":[{"name":"wp","href":"https:\/\/api.w.org\/{rel}","templated":true}]}}