{"id":773623,"date":"2017-06-19T13:00:00","date_gmt":"2017-06-19T11:00:00","guid":{"rendered":"http:\/\/www.gamesfanatic.pl\/?p=773623"},"modified":"2017-06-19T09:45:01","modified_gmt":"2017-06-19T07:45:01","slug":"czerwiec-ulm-konkurs-nr-3-kreatywny","status":"publish","type":"post","link":"https:\/\/wp4wpuw.pedagog.uw.edu.pl\/test\/2017\/06\/19\/czerwiec-ulm-konkurs-nr-3-kreatywny\/","title":{"rendered":"Czerwiec w Ulm &#8211; konkurs nr 3: kreatywny"},"content":{"rendered":"<p>Skoro ju\u017c wiemy, \u017ce symbolem Ulm s\u0105 wr\u00f3ble, to pytanie konkursowe b\u0119dzie zwi\u0105zane z wr\u00f3blami:<\/p>\n<p><strong>O czym \u0107wierkaj\u0105 Ulmer Spatzen, czyli ulmskie wr\u00f3ble?<\/strong><!--more--><\/p>\n<p>Mo\u017ce podziwiaj\u0105 Dunaj? A mo\u017ce szukaj\u0105 miejsca si\u0119 gdzie uwi\u0107 gniazdo? Czy 300 lat temu zastanawia\u0142y si\u0119 jak b\u0119dzie wygl\u0105da\u0107 katedra? Czas, miejsce i wyobra\u017ania jest do waszej dyspozycji. Warunek jest jeden &#8211; chcemy us\u0142ysze\u0107 opowie\u015b\u0107 dotycz\u0105c\u0105 miasta Ulm.<\/p>\n<p>Poniewa\u017c konkurs kreatywny wymaga nieco wi\u0119cej wysi\u0142ku &#8211; dajemy wam nieco wi\u0119cej czasu, bo a\u017c dwa tygodnie tj. do niedzieli 2 lipca. Odpowiedzi prosimy przysy\u0142a\u0107 za po\u015brednictwem poni\u017cszego formularza. Jury b\u0119dzie ocenia\u0142o pomys\u0142owo\u015b\u0107, klimat i humor tekstu. Do wygrania oczywi\u015bcie egzemplarz gry <em>Ulm<\/em>.<\/p>\n<p>&nbsp;<\/p>\n<p><iframe loading=\"lazy\" src=\"https:\/\/docs.google.com\/forms\/d\/e\/1FAIpQLSe_eR3uPBSVyrFD7eC6LGktav4pX4zmcoL5bMhYqRff7_zO5w\/viewform?embedded=true\" width=\"760\" height=\"1000\" frameborder=\"0\" marginwidth=\"0\" marginheight=\"0\">\u0141aduj\u0119&#8230;<\/iframe><\/p>\n<p><a href=\"http:\/\/www.gamesfanatic.pl\/szczegolowy-regulamin-konkursu\/\">Szczeg\u00f3\u0142owy regulamin konkursu<\/a><\/p>\n<p>&nbsp;<\/p>\n","protected":false},"excerpt":{"rendered":"<p>Skoro ju\u017c wiemy, \u017ce symbolem Ulm s\u0105 wr\u00f3ble, to pytanie konkursowe b\u0119dzie zwi\u0105zane z wr\u00f3blami: O czym \u0107wierkaj\u0105 Ulmer Spatzen, czyli ulmskie wr\u00f3ble?<\/p>\n","protected":false},"author":14594,"featured_media":773461,"comment_status":"open","ping_status":"closed","sticky":false,"template":"","format":"standard","meta":{"cybocfi_hide_featured_image":"","footnotes":""},"categories":[],"tags":[],"post_folder":[],"class_list":["post-773623","post","type-post","status-publish","format-standard","has-post-thumbnail","hentry"],"_links":{"self":[{"href":"https:\/\/wp4wpuw.pedagog.uw.edu.pl\/test\/wp-json\/wp\/v2\/posts\/773623","targetHints":{"allow":["GET"]}}],"collection":[{"href":"https:\/\/wp4wpuw.pedagog.uw.edu.pl\/test\/wp-json\/wp\/v2\/posts"}],"about":[{"href":"https:\/\/wp4wpuw.pedagog.uw.edu.pl\/test\/wp-json\/wp\/v2\/types\/post"}],"author":[{"embeddable":true,"href":"https:\/\/wp4wpuw.pedagog.uw.edu.pl\/test\/wp-json\/wp\/v2\/users\/14594"}],"replies":[{"embeddable":true,"href":"https:\/\/wp4wpuw.pedagog.uw.edu.pl\/test\/wp-json\/wp\/v2\/comments?post=773623"}],"version-history":[{"count":0,"href":"https:\/\/wp4wpuw.pedagog.uw.edu.pl\/test\/wp-json\/wp\/v2\/posts\/773623\/revisions"}],"wp:featuredmedia":[{"embeddable":true,"href":"https:\/\/wp4wpuw.pedagog.uw.edu.pl\/test\/wp-json\/wp\/v2\/media\/773461"}],"wp:attachment":[{"href":"https:\/\/wp4wpuw.pedagog.uw.edu.pl\/test\/wp-json\/wp\/v2\/media?parent=773623"}],"wp:term":[{"taxonomy":"category","embeddable":true,"href":"https:\/\/wp4wpuw.pedagog.uw.edu.pl\/test\/wp-json\/wp\/v2\/categories?post=773623"},{"taxonomy":"post_tag","embeddable":true,"href":"https:\/\/wp4wpuw.pedagog.uw.edu.pl\/test\/wp-json\/wp\/v2\/tags?post=773623"},{"taxonomy":"post_folder","embeddable":true,"href":"https:\/\/wp4wpuw.pedagog.uw.edu.pl\/test\/wp-json\/wp\/v2\/post_folder?post=773623"}],"curies":[{"name":"wp","href":"https:\/\/api.w.org\/{rel}","templated":true}]}}