{"id":784669,"date":"2018-01-19T12:23:27","date_gmt":"2018-01-19T11:23:27","guid":{"rendered":"http:\/\/www.gamesfanatic.pl\/?p=784669"},"modified":"2018-01-19T12:31:29","modified_gmt":"2018-01-19T11:31:29","slug":"zimowa-jazda-avangardowa-dziewiaty","status":"publish","type":"post","link":"https:\/\/wp4wpuw.pedagog.uw.edu.pl\/test\/2018\/01\/19\/zimowa-jazda-avangardowa-dziewiaty\/","title":{"rendered":"Zimowa Jazda Avangardowa po raz dziewi\u0105ty!"},"content":{"rendered":"<p><strong>To ju\u017c dzisiaj!<\/strong><\/p>\n<p>Ju\u017c dzisiaj zaczyna si\u0119 zjAva9, czyli <a href=\"http:\/\/zjava.pl\">Zimowa Jazda Avangardowa.<\/a><!--more--><\/p>\n<p><em><strong>Zjava to konwent Stowarzyszenia Mi\u0142o\u015bnik\u00f3w Fantastyki Avangarda <\/strong>\u2013 trzydniowa impreza po\u015bwi\u0119cona wszelkiego rodzaju grom (m.in. plansz\u00f3wkom, larpom, grom RPG, karciankom). Co\u015b dla siebie znajd\u0105 zar\u00f3wno weterani, jak i pocz\u0105tkuj\u0105cy gracze.<\/em><br \/>\n<em> <strong>Zjava zapewnia<\/strong>:<\/em><br \/>\n<em> &#8211; wspania\u0142\u0105 zabaw\u0119 z nowymi i starszymi grami;<\/em><br \/>\n<em> &#8211; wyszkolonych wolontariuszy, kt\u00f3rzy pomog\u0105 Wam pozna\u0107 gry od podszewki bez \u015bl\u0119czenia nad podr\u0119cznikami i instrukcjami;<\/em><br \/>\n<em> &#8211; ciekawe prelekcje i pokazy zwi\u0105zane z grami;<\/em><br \/>\n<em> &#8211; konkursy i turnieje z nagrodami!<\/em><\/p>\n<p>Od siebie dodam, \u017ce prelekcje s\u0105 naprawd\u0119 bardzo ciekawe &#8211; w tym roku, poza tradycyjnymi RPGami, pos\u0142uchamy m.in. o historii gier planszowych, jak znale\u017a\u0107 wydawc\u0119, czy o tym jak we w\u0142a\u015bciwy spos\u00f3b wyt\u0142umaczy\u0107 zasady. I jeszcze jedno: wisienka na torcie &#8211; w tym roku b\u0119dzie te\u017c co nie co o moim ulubionym Star Treku \ud83d\ude42<\/p>\n<p>Zach\u0119camy do zapoznania si\u0119 z:<\/p>\n<ul>\n<li><a href=\"http:\/\/zjava.pl\/siatka-programowa\">Siatk\u0105 programow\u0105<\/a><\/li>\n<li><a href=\"http:\/\/zjava.pl\/opisy-prelekcji\/\">Opisami prelekcji<\/a><\/li>\n<li><a href=\"http:\/\/zjava.pl\/opisy-larpow\/\">Opisami LARP\u00f3w<\/a><\/li>\n<li><a href=\"http:\/\/zjava.pl\/opisy-sesji\/\">Opisami sesji<\/a><\/li>\n<\/ul>\n<p><strong>Czas:<\/strong>\u00a019-21 stycznia 2018 r. (od pi\u0105tku od godz. 16:00 do niedzieli do godz. 16:00)<br \/>\n<strong>Miejsce:<\/strong> Szko\u0142a Podstawowa nr 388, ul. Deotymy 25\/33, Warszawa<\/p>\n<p>Zapraszamy!<\/p>\n","protected":false},"excerpt":{"rendered":"<p>To ju\u017c dzisiaj! Ju\u017c dzisiaj zaczyna si\u0119 zjAva9, czyli Zimowa Jazda Avangardowa.<\/p>\n","protected":false},"author":1289,"featured_media":784680,"comment_status":"open","ping_status":"closed","sticky":false,"template":"","format":"standard","meta":{"cybocfi_hide_featured_image":"","footnotes":""},"categories":[],"tags":[],"post_folder":[],"class_list":["post-784669","post","type-post","status-publish","format-standard","has-post-thumbnail","hentry"],"_links":{"self":[{"href":"https:\/\/wp4wpuw.pedagog.uw.edu.pl\/test\/wp-json\/wp\/v2\/posts\/784669","targetHints":{"allow":["GET"]}}],"collection":[{"href":"https:\/\/wp4wpuw.pedagog.uw.edu.pl\/test\/wp-json\/wp\/v2\/posts"}],"about":[{"href":"https:\/\/wp4wpuw.pedagog.uw.edu.pl\/test\/wp-json\/wp\/v2\/types\/post"}],"author":[{"embeddable":true,"href":"https:\/\/wp4wpuw.pedagog.uw.edu.pl\/test\/wp-json\/wp\/v2\/users\/1289"}],"replies":[{"embeddable":true,"href":"https:\/\/wp4wpuw.pedagog.uw.edu.pl\/test\/wp-json\/wp\/v2\/comments?post=784669"}],"version-history":[{"count":0,"href":"https:\/\/wp4wpuw.pedagog.uw.edu.pl\/test\/wp-json\/wp\/v2\/posts\/784669\/revisions"}],"wp:featuredmedia":[{"embeddable":true,"href":"https:\/\/wp4wpuw.pedagog.uw.edu.pl\/test\/wp-json\/wp\/v2\/media\/784680"}],"wp:attachment":[{"href":"https:\/\/wp4wpuw.pedagog.uw.edu.pl\/test\/wp-json\/wp\/v2\/media?parent=784669"}],"wp:term":[{"taxonomy":"category","embeddable":true,"href":"https:\/\/wp4wpuw.pedagog.uw.edu.pl\/test\/wp-json\/wp\/v2\/categories?post=784669"},{"taxonomy":"post_tag","embeddable":true,"href":"https:\/\/wp4wpuw.pedagog.uw.edu.pl\/test\/wp-json\/wp\/v2\/tags?post=784669"},{"taxonomy":"post_folder","embeddable":true,"href":"https:\/\/wp4wpuw.pedagog.uw.edu.pl\/test\/wp-json\/wp\/v2\/post_folder?post=784669"}],"curies":[{"name":"wp","href":"https:\/\/api.w.org\/{rel}","templated":true}]}}