{"id":785266,"date":"2018-02-13T09:19:53","date_gmt":"2018-02-13T08:19:53","guid":{"rendered":"http:\/\/www.gamesfanatic.pl\/?p=785266"},"modified":"2018-02-13T13:58:50","modified_gmt":"2018-02-13T12:58:50","slug":"mis-wojtek-premiera-nowej-gry-planszowej-ipn-pierwszej-wymyslonej-dzieci","status":"publish","type":"post","link":"https:\/\/wp4wpuw.pedagog.uw.edu.pl\/test\/2018\/02\/13\/mis-wojtek-premiera-nowej-gry-planszowej-ipn-pierwszej-wymyslonej-dzieci\/","title":{"rendered":"\u201eMi\u015b Wojtek\u201d \u2013 premiera nowej gry planszowej IPN, pierwszej wymy\u015blonej przez dzieci"},"content":{"rendered":"<p><strong>Zapraszamy na premierowy pokaz gry planszowej \u201eMi\u015b Wojtek\u201d, kt\u00f3ra odb\u0119dzie si\u0119 we wtorek 20 lutego o godzinie 10.30 w Szkole Podstawowej nr 57 na ul. Aksamitnej 8 w Gda\u0144sku. <\/strong><\/p>\n<p>Obecno\u015b\u0107 na konferencji prasowej i premierowej prezentacji gry zapowiedzia\u0142a pani minister Anna Maria Anders, c\u00f3rka dow\u00f3dcy 2. Korpusu Polskiego, gen. W\u0142adys\u0142awa Andersa.<\/p>\n<p><!--more--><\/p>\n<p><strong>Pomys\u0142 m\u0142odzie\u017cy<\/strong><\/p>\n<p>Ola i Magda G\u0105siorek, uczennice wroc\u0142awskiej szko\u0142y podstawowej, sporz\u0105dzi\u0142y w\u0142asn\u0105 gr\u0119 planszow\u0105, wykorzystuj\u0105c wojenn\u0105 odysej\u0119 2. Korpusu Polskiego (PSZ) gen. Andersa, w kt\u00f3rym swoj\u0105 wojskow\u0105 s\u0142u\u017cb\u0119 odby\u0142 nied\u017awied\u017a Wojtek. Karol Madaj, projektant gier edukacyjnych Biura Edukacji Narodowej IPN, podchwyci\u0142 ide\u0119 i we wsp\u00f3\u0142pracy z m\u0142odymi pomys\u0142odawczyniami opracowa\u0142 profesjonalne zasady gry, kt\u00f3ra obecnie wchodzi na rynek. Uczestnicy gry pod\u0105\u017caj\u0105 po planszy szlakiem 2. Korpusu, poznaj\u0105c realia, \u017cycie codzienne i \u017co\u0142nierzy Polskich Si\u0142 Zbrojnych z gen. W\u0142adys\u0142awem Andersem na czele. To w\u0142a\u015bnie dlatego miejscem gda\u0144skiej premiery jest szko\u0142a podstawowa, kt\u00f3rej patronem jest gen. Anders.<\/p>\n<p><a href=\"http:\/\/www.gamesfanatic.pl\/wp-content\/uploads\/2018\/02\/wojtek-pudelko-wieko-rgb.jpg\"><img loading=\"lazy\" decoding=\"async\" class=\"aligncenter size-medium wp-image-785271\" src=\"http:\/\/www.gamesfanatic.pl\/wp-content\/uploads\/2018\/02\/wojtek-pudelko-wieko-rgb-200x137.jpg\" alt=\"\" width=\"200\" height=\"137\" srcset=\"https:\/\/wp4wpuw.pedagog.uw.edu.pl\/test\/wp-content\/uploads\/2018\/02\/wojtek-pudelko-wieko-rgb-200x137.jpg 200w, https:\/\/wp4wpuw.pedagog.uw.edu.pl\/test\/wp-content\/uploads\/2018\/02\/wojtek-pudelko-wieko-rgb-768x526.jpg 768w, https:\/\/wp4wpuw.pedagog.uw.edu.pl\/test\/wp-content\/uploads\/2018\/02\/wojtek-pudelko-wieko-rgb-1024x701.jpg 1024w, https:\/\/wp4wpuw.pedagog.uw.edu.pl\/test\/wp-content\/uploads\/2018\/02\/wojtek-pudelko-wieko-rgb.jpg 1200w\" sizes=\"auto, (max-width: 200px) 100vw, 200px\" \/><\/a><\/p>\n<p>Premierowe pokazy gry odby\u0142y si\u0119 te\u017c w Polskiej Szkole im. Gen. Andersa w Chicago oraz w Szkole Podstawowej nr 63 we Wroc\u0142awiu, czyli w plac\u00f3wce, w kt\u00f3rej narodzi\u0142 si\u0119 pomys\u0142 gry.<\/p>\n<p><a href=\"http:\/\/www.gamesfanatic.pl\/wp-content\/uploads\/2018\/02\/pokaz-w-chicago.jpg\"><img loading=\"lazy\" decoding=\"async\" class=\"aligncenter size-medium wp-image-785268\" src=\"http:\/\/www.gamesfanatic.pl\/wp-content\/uploads\/2018\/02\/pokaz-w-chicago-200x133.jpg\" alt=\"\" width=\"200\" height=\"133\" srcset=\"https:\/\/wp4wpuw.pedagog.uw.edu.pl\/test\/wp-content\/uploads\/2018\/02\/pokaz-w-chicago-200x133.jpg 200w, https:\/\/wp4wpuw.pedagog.uw.edu.pl\/test\/wp-content\/uploads\/2018\/02\/pokaz-w-chicago-768x512.jpg 768w, https:\/\/wp4wpuw.pedagog.uw.edu.pl\/test\/wp-content\/uploads\/2018\/02\/pokaz-w-chicago-1024x683.jpg 1024w, https:\/\/wp4wpuw.pedagog.uw.edu.pl\/test\/wp-content\/uploads\/2018\/02\/pokaz-w-chicago.jpg 1200w\" sizes=\"auto, (max-width: 200px) 100vw, 200px\" \/><\/a><\/p>\n<p>Zgodnie z wieloletni\u0105 tradycj\u0105 w podkarpackich Ropczycach odby\u0142 si\u0119 turniej dla dzieci, a tym samym by\u0142y to premierowe rozgrywki.<\/p>\n<p><a href=\"http:\/\/www.gamesfanatic.pl\/wp-content\/uploads\/2018\/02\/turniej-w-ropczycach.jpg\"><img loading=\"lazy\" decoding=\"async\" class=\"aligncenter size-medium wp-image-785269\" src=\"http:\/\/www.gamesfanatic.pl\/wp-content\/uploads\/2018\/02\/turniej-w-ropczycach-200x133.jpg\" alt=\"\" width=\"200\" height=\"133\" srcset=\"https:\/\/wp4wpuw.pedagog.uw.edu.pl\/test\/wp-content\/uploads\/2018\/02\/turniej-w-ropczycach-200x133.jpg 200w, https:\/\/wp4wpuw.pedagog.uw.edu.pl\/test\/wp-content\/uploads\/2018\/02\/turniej-w-ropczycach-768x512.jpg 768w, https:\/\/wp4wpuw.pedagog.uw.edu.pl\/test\/wp-content\/uploads\/2018\/02\/turniej-w-ropczycach-1024x683.jpg 1024w, https:\/\/wp4wpuw.pedagog.uw.edu.pl\/test\/wp-content\/uploads\/2018\/02\/turniej-w-ropczycach.jpg 1200w\" sizes=\"auto, (max-width: 200px) 100vw, 200px\" \/><\/a><\/p>\n<p>Pierwsza cz\u0119\u015b\u0107 premiery skierowana b\u0119dzie do dziennikarzy, nauczycieli i edukator\u00f3w, kt\u00f3rzy z pomoc\u0105 gry chcieliby zainteresowa\u0107 m\u0142odzie\u017c losami \u017co\u0142nierzy gen. Andersa, a nast\u0119pnie odb\u0119dzie si\u0119 pokaz dla dzieci, podczas kt\u00f3rego uczestnicy zapoznaj\u0105 si\u0119 z histori\u0105 misia Wojtka oraz sprawdz\u0105, jak gra wygl\u0105da w praktyce.<\/p>\n<p><strong>Historia Wojtka<\/strong><\/p>\n<p>Akcja edukacyjnej gry planszowej \u201eMi\u015b Wojtek\u201d rozpoczyna si\u0119 we wrze\u015bniu 1939 r., kiedy Polsk\u0119 zaatakowa\u0142y nazistowskie Niemcy i Zwi\u0105zek Sowiecki. Z teren\u00f3w okupowanych przez ZSRS wywieziono w\u00f3wczas tysi\u0105ce polskich rodzin poci\u0105gami w g\u0142\u0105b Rosji.<\/p>\n<p>W 1941 r. Niemcy nieoczekiwanie napad\u0142y na Zwi\u0105zek Sowiecki. Wtedy J\u00f3zef Stalin wyrazi\u0142 zgod\u0119, aby z wywiezionych i osadzonych w obozach pracy Polak\u00f3w utworzy\u0107 polskie wojsko. Po pogorszeniu si\u0119 stosunk\u00f3w polsko-sowieckich w marcu 1942 r. polscy \u017co\u0142nierze i cywile pod wodz\u0105 gen. Andersa opu\u015bcili ZSRS, aby wesprze\u0107 si\u0142y brytyjskie w walce z Niemcami.<\/p>\n<p>W drodze do Iranu wyniszczeni i wyg\u0142odzeni uciekinierzy ze Zwi\u0105zku Sowieckiego kupili od przygodnie napotkanego ch\u0142opca ma\u0142ego nied\u017awiadka. Nadali mu imi\u0119 Wojtek i wcielili do polskiego wojska. Wojtek przeszed\u0142 z \u017co\u0142nierzami ca\u0142y szlak bojowy. Dzieli\u0142 ich dole i niedole, rado\u015bci i smutki, daj\u0105c im wiele okazji do u\u015bmiechu i pomagaj\u0105c w potrzebie. Pilnowa\u0142 wyposa\u017cenia, a w czasie s\u0142ynnej bitwy o Monte Cassino donosi\u0142 \u017co\u0142nierzom amunicj\u0119.<\/p>\n<p><strong>Wyj\u0105tkowa gra w ofercie IPN<\/strong><\/p>\n<p>\u201eMi\u015b Wojtek\u201d to rodzinna gra planszowa, przeznaczona zar\u00f3wno dla m\u0142odszych, jak i dla starszych graczy. Podobnie jak w przypadku kilkunastu pozosta\u0142ych gier IPN do rozpocz\u0119cia rozgrywki nie jest wymagana \u017cadna wiedza. Losy tytu\u0142owego nied\u017awiedzia i jego opiekun\u00f3w poznaje si\u0119 podczas zabawy. Wszystkie elementy gry s\u0105 dwuj\u0119zyczne, polsko-angielskie; IPN ma nadziej\u0119 na dobry odbi\u00f3r gry tak\u017ce poza Polsk\u0105, jak to mia\u0142o miejsce w przypadku takich wcze\u015bniejszych gier, jak \u201eKolejka\u201d czy \u201e303\u201d.<\/p>\n<p>&nbsp;<\/p>\n<p>Wi\u0119cej informacji o grze mo\u017cna znale\u017a\u0107 na stronie: <a href=\"http:\/\/www.pamiec.pl\/gry\">www.pamiec.pl\/gry<\/a><\/p>\n<p>&nbsp;<\/p>\n<p>Gr\u0119 mo\u017cna kupi\u0107 w ksi\u0119garniach IPN, w sieci ksi\u0119garni partnerskich oraz w dobrych sklepach z grami planszowymi.<\/p>\n","protected":false},"excerpt":{"rendered":"<p>Zapraszamy na premierowy pokaz gry planszowej \u201eMi\u015b Wojtek\u201d, kt\u00f3ra odb\u0119dzie si\u0119 we wtorek 20 lutego o godzinie 10.30 w Szkole Podstawowej nr 57 na ul. Aksamitnej 8 w Gda\u0144sku. Obecno\u015b\u0107 na konferencji prasowej i premierowej prezentacji gry zapowiedzia\u0142a pani minister Anna Maria Anders, c\u00f3rka dow\u00f3dcy 2. Korpusu Polskiego, gen. W\u0142adys\u0142awa Andersa.<\/p>\n","protected":false},"author":199,"featured_media":785270,"comment_status":"open","ping_status":"closed","sticky":false,"template":"","format":"standard","meta":{"cybocfi_hide_featured_image":"","footnotes":""},"categories":[],"tags":[],"post_folder":[],"class_list":["post-785266","post","type-post","status-publish","format-standard","has-post-thumbnail","hentry"],"_links":{"self":[{"href":"https:\/\/wp4wpuw.pedagog.uw.edu.pl\/test\/wp-json\/wp\/v2\/posts\/785266","targetHints":{"allow":["GET"]}}],"collection":[{"href":"https:\/\/wp4wpuw.pedagog.uw.edu.pl\/test\/wp-json\/wp\/v2\/posts"}],"about":[{"href":"https:\/\/wp4wpuw.pedagog.uw.edu.pl\/test\/wp-json\/wp\/v2\/types\/post"}],"author":[{"embeddable":true,"href":"https:\/\/wp4wpuw.pedagog.uw.edu.pl\/test\/wp-json\/wp\/v2\/users\/199"}],"replies":[{"embeddable":true,"href":"https:\/\/wp4wpuw.pedagog.uw.edu.pl\/test\/wp-json\/wp\/v2\/comments?post=785266"}],"version-history":[{"count":0,"href":"https:\/\/wp4wpuw.pedagog.uw.edu.pl\/test\/wp-json\/wp\/v2\/posts\/785266\/revisions"}],"wp:featuredmedia":[{"embeddable":true,"href":"https:\/\/wp4wpuw.pedagog.uw.edu.pl\/test\/wp-json\/wp\/v2\/media\/785270"}],"wp:attachment":[{"href":"https:\/\/wp4wpuw.pedagog.uw.edu.pl\/test\/wp-json\/wp\/v2\/media?parent=785266"}],"wp:term":[{"taxonomy":"category","embeddable":true,"href":"https:\/\/wp4wpuw.pedagog.uw.edu.pl\/test\/wp-json\/wp\/v2\/categories?post=785266"},{"taxonomy":"post_tag","embeddable":true,"href":"https:\/\/wp4wpuw.pedagog.uw.edu.pl\/test\/wp-json\/wp\/v2\/tags?post=785266"},{"taxonomy":"post_folder","embeddable":true,"href":"https:\/\/wp4wpuw.pedagog.uw.edu.pl\/test\/wp-json\/wp\/v2\/post_folder?post=785266"}],"curies":[{"name":"wp","href":"https:\/\/api.w.org\/{rel}","templated":true}]}}