{"id":785383,"date":"2018-02-20T18:00:21","date_gmt":"2018-02-20T17:00:21","guid":{"rendered":"http:\/\/www.gamesfanatic.pl\/?p=785383"},"modified":"2021-12-08T22:42:21","modified_gmt":"2021-12-08T21:42:21","slug":"zaginiony-artefakt-odslona-osma","status":"publish","type":"post","link":"https:\/\/wp4wpuw.pedagog.uw.edu.pl\/test\/2018\/02\/20\/zaginiony-artefakt-odslona-osma\/","title":{"rendered":"Zaginiony artefakt &#8211; ods\u0142ona \u00f3sma."},"content":{"rendered":"<p>15 Lipca 2020, Warszawa Chmielna 13<\/p>\n<p>Widzia\u0142em ich, wreszcie przylecieli! Nie jeste\u015bmy sami w kosmosie, m\u00f3wi\u0142em o tym od dawna, ale nikt mi nie wierzy\u0142. Tym razem jednak znajd\u0119 niezaprzeczalny dow\u00f3d. Je\u015bli ju\u017c wi\u0119cej nie napisz\u0119 to wiedzcie, \u017ce Oni mnie porwali.<!--more--><\/p>\n<p>17 Lipca 2020, Warszawa Ogr\u00f3d Saski<\/p>\n<p>Wreszcie to mam ! Jest dow\u00f3d. Nie wiem co to jest, ale na pewno jest to nie z naszej planety. Wygl\u0105da jak r\u0119kawica. G\u0142adka, metaliczna z niepokoj\u0105co \u015bwi\u0119c\u0105cym dyskiem na \u015br\u00f3dr\u0119czu. Emanuje dziwn\u0105 energi\u0105. Przera\u017ca mnie to\u2026 ale i tak wezm\u0119 to, w ko\u0144cu to jest ten upragniony artefakt obcych, na kt\u00f3ry od dawna czeka\u0142em. To ja oznajmi\u0119 \u015bwiatu o Obcych!<\/p>\n<p>20 Lipca 2020, Chmielna 13<\/p>\n<p>Od 3 dni wpatruj\u0119 si\u0119 w t\u0119 r\u0119kawic\u0119\u2026 Jest taka pi\u0119kna, nie chce nikomu jej pokazywa\u0107\u2026 Dalej boj\u0119 si\u0119 j\u0105 za\u0142o\u017cy\u0107. Mo\u017ce jest dostosowana tylko do r\u0119ki istot pozaziemskich i moje \u017cycie sko\u0144czy si\u0119 chwil\u0119 po za\u0142o\u017ceniu. Musz\u0119 to wszystko sobie przemy\u015ble\u0107, mo\u017ce warto poinformowa\u0107 rz\u0105d?<\/p>\n<p>22 Lipca 2020, Chmielna 13<\/p>\n<p>Nie wytrzyma\u0142em, za\u0142o\u017cy\u0142em j\u0105. Jak widzicie \u017cyj\u0119 i mam si\u0119 dobrze. Nie do ko\u0144ca wiem jak to dzia\u0142a na razie. Czasem dysk zaczyna mocniej \u015bwieci\u0107, ale nic si\u0119 nie dzieje. Mo\u017ce to jaka\u015b obca latarka, b\u0119d\u0119 dalej pr\u00f3bowa\u0142. U\u017cywa\u0142em j\u0105 dwa dni i ci\u0105gle dzia\u0142a tak samo, pewnie ma jakie\u015b obce baterie. Na pewno nied\u0142ugo rozgryz\u0119 to urz\u0105dzenie.<\/p>\n<p>25 Lipca 2020, Chmielna 13<\/p>\n<p>To jest to! Wreszcie wiem jak to dzia\u0142a. To jest bro\u0144! Steruje si\u0119 j\u0105 umys\u0142em, wyobra\u017casz sobie dysk, pi\u0142k\u0119, b\u0105d\u017a patyk i r\u0119kawica generuje energi\u0119 w takim kszta\u0142cie. Ciekawe co mo\u017cna z tym zrobi\u0107, rzucam tymi formami energii w \u015bcian\u0119 i nic. Rozp\u0142ywaj\u0105 si\u0119\u2026 Na pewno robi\u0119 co\u015b \u017ale, to musi dzia\u0142a\u0107 inaczej.<\/p>\n<h4>Akta Akcji S\u0142oneczny U\u015bcisk [\u015bci\u015ble tajne]<\/h4>\n<p>26 Lipca 8.04 oddzia\u0142 GROM wszed\u0142 do apartamentu przy [nazwa zakre\u015blona] i zabezpieczy\u0142 artefakt. Cel opiera\u0142 si\u0119 podczas akcji i zosta\u0142 unieszkodliwiony. Artefakt i osoba zamieszkuj\u0105ca zostali przewiezieni do jednostki wojskowej [nazwa zakre\u015blona]. Misja zako\u0144czona pe\u0142nym sukcesem.<\/p>\n<h4>Gazeta Wyborcza<\/h4>\n<p>31 Sierpnia 2021<\/p>\n<p>Inwazja Polski na Niemcy nast\u0105pi\u0142a niespodziewanie. Nikt nie spodziewa\u0142 si\u0119, \u017ce krzywda wyrz\u0105dzona Nam, Polakom w 1939 zostanie kiedy\u015b zado\u015b\u0107 uczyniona. Jednak\u017ce dzi\u0119ki niespodziewanemu skokowi technologicznemu, polska armia sta\u0142a si\u0119 niepokonana. Uzbrojeni w bro\u0144 emituj\u0105c\u0105 kul\u0119 energii, polscy \u017co\u0142nierze parli do przodu nie powstrzymani. Wreszcie potomkowie naszych bohater\u00f3w, powsta\u0144c\u00f3w zado\u015b\u0107uczynili \u015bmierci swoich dziadk\u00f3w i pradziadk\u00f3w. Ten wielki dzie\u0144 wreszcie nadszed\u0142! Polska znowu jest wielka!<\/p>\n<h4>Gdzie\u015b w kosmosie na tablicy og\u0142osze\u0144 GalaxyTree<\/h4>\n<p>14 Lipca 2020, czasu ziemskiego odbywali\u015bmy wczasy na uroczej planecie Ziemi. Niestety nasze niesforne dzieciaczki zostawi\u0142y tam najnowszy model \u015awietlistej D\u0142oni (opis poni\u017cej) , kt\u00f3ra bawi\u0142y si\u0119 w parku w Warszawie (du\u017ce ziemskie miasto we wschodniej Europie). Je\u015bli kto\u015b znalaz\u0142 t\u0105 zabawk\u0119, bardzo prosz\u0119 o informacj\u0119 do mi\u0119dzygwiezdnej ambasady w Uk\u0142adzie S\u0142onecznym. Dla znalazcy nagroda pieni\u0119\u017cna.<\/p>\n<p>\u015awietlista D\u0142o\u0144 to najnowszy hit zabawkowy dla dzieci. Wygodna r\u0119kawica z kryptonitu, bezpieczna, ze wszystkimi atestami. Zapewni wiele godzin super zabawy dla dzieci. R\u0119kawica pozwoli wytwarza\u0107 r\u00f3\u017cne kszta\u0142ty z czystej energii. Mo\u017cna wytworzy\u0107 w 100% bezpieczne miecze \u015bwietlne, kul\u0119 do rzucania czy te\u017c ka\u017cd\u0105 inn\u0105 rzecz, o kt\u00f3rej zamarzy si\u0119 Twojemu dziecku. Maszyna ma ustawione ograniczenia poboru mocy, wi\u0119c nawet niekontrolowany rzut nie spowoduj\u0119 \u017cadnych problem\u00f3w. Wbudowane \u017ar\u00f3d\u0142o zasilania pozwoli cieszy\u0107 si\u0119 sprz\u0119tem przez wiele lat.<\/p>\n<p>Zabawka zosta\u0142a przetestowana w Mi\u0119dzygalaktycznym Instytucie Matki i Dziecka i dosta\u0142a aprobat\u0119 Galaxpidu. Dla dzieci od lat 6+. Unika\u0107 kontaktu formy energetycznej z oczami. W razie urazu skonsultowa\u0107 si\u0119 z lekarzem.<\/p>\n<div class=\"clear\"><\/div><div class=\"divider\"><\/div>\n<p><a href=\"http:\/\/www.gamesfanatic.pl\/wp-content\/uploads\/2018\/02\/img_20170925_1012411.jpg\"><img loading=\"lazy\" decoding=\"async\" class=\"alignleft size-medium wp-image-785346\" src=\"http:\/\/www.gamesfanatic.pl\/wp-content\/uploads\/2018\/02\/img_20170925_1012411-200x150.jpg\" alt=\"\" width=\"200\" height=\"150\" srcset=\"https:\/\/wp4wpuw.pedagog.uw.edu.pl\/test\/wp-content\/uploads\/2018\/02\/img_20170925_1012411-200x150.jpg 200w, https:\/\/wp4wpuw.pedagog.uw.edu.pl\/test\/wp-content\/uploads\/2018\/02\/img_20170925_1012411-768x576.jpg 768w, https:\/\/wp4wpuw.pedagog.uw.edu.pl\/test\/wp-content\/uploads\/2018\/02\/img_20170925_1012411-1024x768.jpg 1024w, https:\/\/wp4wpuw.pedagog.uw.edu.pl\/test\/wp-content\/uploads\/2018\/02\/img_20170925_1012411.jpg 1200w\" sizes=\"auto, (max-width: 200px) 100vw, 200px\" \/><\/a>Autorem powy\u017cszego tekstu, wyr\u00f3\u017cnionego w konkursie &#8220;<a href=\"http:\/\/www.gamesfanatic.pl\/2018\/02\/13\/styczen-obcymi-czyli-rozwiazle-akapity-o-recenzji-zaginionym-artefakcie\/\">Stycze\u0144 z Obcymi<\/a>&#8220;, jest <strong>Jan Miko\u0142ajczak<\/strong>, kt\u00f3ry otrzymuje od nas t\u0119 pojemn\u0105 i wytrzyma\u0142\u0105 torb\u0119 na gry :).<\/p>\n<p>Serdecznie gratulujemy i prosimy o przes\u0142anie na adres redakcji swoich danych korespondencyjnych. A wszystkich mi\u0142o\u015bnik\u00f3w dobrej literatury sci-fi zapraszamy ju\u017c jutro o tej samej porze \ud83d\ude42<\/p>\n","protected":false},"excerpt":{"rendered":"<p>Ciekawa przysz\u0142o\u015b\u0107 nas czeka&#8230;<\/p>\n","protected":false},"author":8850,"featured_media":785356,"comment_status":"open","ping_status":"closed","sticky":false,"template":"","format":"standard","meta":{"cybocfi_hide_featured_image":"","footnotes":""},"categories":[],"tags":[],"post_folder":[],"class_list":["post-785383","post","type-post","status-publish","format-standard","has-post-thumbnail","hentry"],"_links":{"self":[{"href":"https:\/\/wp4wpuw.pedagog.uw.edu.pl\/test\/wp-json\/wp\/v2\/posts\/785383","targetHints":{"allow":["GET"]}}],"collection":[{"href":"https:\/\/wp4wpuw.pedagog.uw.edu.pl\/test\/wp-json\/wp\/v2\/posts"}],"about":[{"href":"https:\/\/wp4wpuw.pedagog.uw.edu.pl\/test\/wp-json\/wp\/v2\/types\/post"}],"author":[{"embeddable":true,"href":"https:\/\/wp4wpuw.pedagog.uw.edu.pl\/test\/wp-json\/wp\/v2\/users\/8850"}],"replies":[{"embeddable":true,"href":"https:\/\/wp4wpuw.pedagog.uw.edu.pl\/test\/wp-json\/wp\/v2\/comments?post=785383"}],"version-history":[{"count":0,"href":"https:\/\/wp4wpuw.pedagog.uw.edu.pl\/test\/wp-json\/wp\/v2\/posts\/785383\/revisions"}],"wp:featuredmedia":[{"embeddable":true,"href":"https:\/\/wp4wpuw.pedagog.uw.edu.pl\/test\/wp-json\/wp\/v2\/media\/785356"}],"wp:attachment":[{"href":"https:\/\/wp4wpuw.pedagog.uw.edu.pl\/test\/wp-json\/wp\/v2\/media?parent=785383"}],"wp:term":[{"taxonomy":"category","embeddable":true,"href":"https:\/\/wp4wpuw.pedagog.uw.edu.pl\/test\/wp-json\/wp\/v2\/categories?post=785383"},{"taxonomy":"post_tag","embeddable":true,"href":"https:\/\/wp4wpuw.pedagog.uw.edu.pl\/test\/wp-json\/wp\/v2\/tags?post=785383"},{"taxonomy":"post_folder","embeddable":true,"href":"https:\/\/wp4wpuw.pedagog.uw.edu.pl\/test\/wp-json\/wp\/v2\/post_folder?post=785383"}],"curies":[{"name":"wp","href":"https:\/\/api.w.org\/{rel}","templated":true}]}}