{"id":785399,"date":"2018-02-21T18:00:06","date_gmt":"2018-02-21T17:00:06","guid":{"rendered":"http:\/\/www.gamesfanatic.pl\/?p=785399"},"modified":"2021-12-08T22:42:16","modified_gmt":"2021-12-08T21:42:16","slug":"zaginiony-artefakt-odslona-dziewiata-2","status":"publish","type":"post","link":"https:\/\/wp4wpuw.pedagog.uw.edu.pl\/test\/2018\/02\/21\/zaginiony-artefakt-odslona-dziewiata-2\/","title":{"rendered":"Zaginiony artefakt &#8211; ods\u0142ona dziewi\u0105ta."},"content":{"rendered":"<p>To ju\u017c koniec. Artefakt zatoczy\u0142 kr\u0105g czasoprzestrzenny, bowiem autorem tej ostatniej, dziewi\u0105tej ods\u0142ony jest <strong>Osaya<\/strong>, laureat konkursu, kt\u00f3ry rozpocz\u0105\u0142 nasz\u0105 w\u0119dr\u00f3wk\u0119 po krainie sci-fi. Mi\u0142ej lektury!<!--more--><\/p>\n<div class=\"clear\"><\/div><div class=\"divider\"><\/div>\n<p>Astrog\u00f3rnictwo to ci\u0119\u017cki kawa\u0142ek chleba. Dobrze wiedzieli o tym Kurt i Vargo z 32. za\u0142ogi wydobywczej Lux Miner, pracuj\u0105cy w\u0142a\u015bnie w pocie czo\u0142a gdzie\u015b na obrze\u017cach orbity Saturna.<\/p>\n<p>&#8211; Kurt, co\u015b jest nie tak, wiert\u0142o siad\u0142o!<\/p>\n<p>&#8211; Znowu?! Dobra, wychodz\u0119 &#8211; niech\u0119tnie odpar\u0142.<\/p>\n<p>Za\u0142ogi mniejsze, jak ta, to dwuosobowy zesp\u00f3\u0142, gdzie jeden z cz\u0142onk\u00f3w by\u0142 operatorem sprz\u0119tu, a drugi mechanikiem. Vargo kierowa\u0142 kopark\u0105.<\/p>\n<p>Kurt szybko wskoczy\u0142 w skafander i wykona\u0142 rutynowe testy: poziomu tlenu, ci\u015bnienia oraz komunikacji, po czym wyszed\u0142 na powierzchni\u0119 ska\u0142y.<\/p>\n<p>Nie lubi\u0142 tego. Ska\u0142y tej wielko\u015bci praktycznie nie mia\u0142y grawitacji i potrafi\u0142y si\u0119 obraca\u0107, co przyprawia\u0142o go o md\u0142o\u015bci, nawet je\u015bli urojone. W dodatku w kombinezonach by\u0142o zimno i ogranicza\u0142y i tak powolne ju\u017c ruchy. Wspomina\u0142em ju\u017c, \u017ce ta robota jest ci\u0119\u017cka? Naprawd\u0119 by\u0142a.<\/p>\n<p>&#8211; Musisz zej\u015b\u0107 na d\u00f3\u0142 &#8211; poinformowa\u0142 Vi koleg\u0119. &#8211; Czujnik pokazuje, \u017ce oderwa\u0142a si\u0119 jedna \u0142opatka i wiert\u0142o zapcha\u0142o si\u0119 materia\u0142em.<\/p>\n<p>Typowy problem, kt\u00f3ry mo\u017cna by \u0142atwo rozwi\u0105za\u0107, wykorzystuj\u0105c mocniejsze podpory \u0142opatek, ale firmie si\u0119 to nie kalkulowa\u0142o&#8230;<\/p>\n<p>Vargo zablokowa\u0142 maszyn\u0119. Kurt w \u015blamazarnym tempie schodzi\u0142 w\u0105skim odwiertem na sam d\u00f3\u0142. Gdyby nie podw\u00f3jny halogen na he\u0142mie nic by w tych ciemno\u015bciach nie widzia\u0142, a tak przynajmniej wiedzia\u0142, w jakiej czarnej dziurze si\u0119 znajduje.<\/p>\n<p>Po kilkunastu minutach by\u0142 w po\u0142owie 400-metrowego wykopu, gdzie odmontowa\u0142 uszkodzon\u0105 \u0142opatk\u0119, kt\u00f3ra wadzi\u0142a o \u015bcian\u0119 odwiertu.<\/p>\n<p>&#8211; Jedno zrobione, id\u0119 dalej. &#8211; Teoretycznie m\u00f3g\u0142by ju\u017c wychodzi\u0107, a wiert\u0142o prawdopodobnie by ruszy\u0142o, ale Kurtowi nie widzia\u0142o si\u0119 ewentualne ponowne schodzenie, gdyby okaza\u0142o si\u0119 inaczej. Zreszt\u0105, mia\u0142 jeszcze spory zapas tlenu.<\/p>\n<p>Gwiezdne koparki to sprz\u0119t zgo\u0142a innego kalibru ni\u017c te ziemskie. Twarde, zlodowacia\u0142e i stalowolite kosmiczne ska\u0142y wymaga\u0142y u\u017cycia pot\u0119\u017cnej mocy. Dlatego koparka nie tylko wyposa\u017cona by\u0142a w wiert\u0142o z udarem, ale tak\u017ce ta\u015bmoci\u0105g odprowadzaj\u0105cy materia\u0142 na g\u00f3r\u0119 oraz, co najwa\u017cniejsze, system drobnych eksplozji pozwalaj\u0105cy zarazem rozgrzewa\u0107 ska\u0142y i je kruszy\u0107.<\/p>\n<p>Na dole nie by\u0142o tak \u017ale. Do przerzucenia by\u0142o tylko par\u0119 wi\u0119kszych od\u0142amk\u00f3w, przy kt\u00f3rych jednak nale\u017ca\u0142o by\u0107 wyj\u0105tkowo ostro\u017cnym, aby nie uszkodzi\u0107 sobie skafandra.<\/p>\n<p>&#8211; Ok, Kurt. Wracaj &#8211; przypomnia\u0142 o sobie Vargo. &#8211; Czujniki daj\u0105 zielone \u015bwiat\u0142o do dzia\u0142ania, a wiesz, jak firma nie lubi przestoj\u00f3w.<\/p>\n<p>&#8211; Ju\u017c id\u0119 &#8211; odpar\u0142, lecz w tym samym momencie w g\u0142\u0119bi pod mia\u0142em zauwa\u017cy\u0142 nik\u0142e \u015bwiate\u0142ko. Szybko odgarn\u0105\u0142 py\u0142 i si\u0119gn\u0105\u0142 po przedmiot.<\/p>\n<p>By\u0142 to niewielki dysk, co\u015b jakby miniaturowy spodek lataj\u0105cy, na kt\u00f3rego szczycie zach\u0119caj\u0105co mruga\u0142 czerwony przycisk.<\/p>\n<p>Kurt wcisn\u0105\u0142 ten przycisk.<\/p>\n<h4>*<\/h4>\n<p>Podr\u00f3\u017c przez czas i przestrze\u0144 by\u0142a jak mrugni\u0119cie okiem. Przebudzenie si\u0119 ze \u015bmierci do nowego \u017cycia.<\/p>\n<p>Kurt wyl\u0105dowa\u0142 w Raju. Od razu o tym wiedzia\u0142, cho\u0107 mityczne miejsce zna\u0142 tylko z opowie\u015bci i pism. Nawet nie by\u0142 przekonany, czy do ko\u0144ca w nie wierzy, ale teraz nie mia\u0142 ju\u017c wi\u0119cej w\u0105tpliwo\u015bci.<\/p>\n<p>&#8211; Tu jest pi\u0119knie! Zielono i&#8230; tak \u017cywo. &#8211; Zachwyca\u0142 si\u0119 miejscem, w kt\u00f3rym si\u0119 znalaz\u0142, cho\u0107 sam jeszcze nie wiedzia\u0142: umar\u0142 czy te\u017c nie? Uszczypn\u0105\u0142by si\u0119, gdyby nie ten skafander.<\/p>\n<p>&#8211; Skafander! &#8211; Wiele nie my\u015bl\u0105c, odpi\u0105\u0142 he\u0142m i zaczerpn\u0105\u0142 \u015bwie\u017cego powietrza. \u017by\u0142 i trafi\u0142 do najprawdziwszego Raju.<\/p>\n<p>&#8211; Ten przedmiot, to musi by\u0107 jaki\u015b teleport. Enigmatyczny artefakt obcych, portal do Raju!<\/p>\n<p>Nareszcie zrozumia\u0142, na jaki skarb trafi\u0142. Technologia, kt\u00f3ra pozwoli\u0142a mu, cho\u0107 na chwil\u0119 oderwa\u0107 si\u0119 od szarego robotniczego \u017cycia.<\/p>\n<p>Kurt ponownie wcisn\u0105\u0142 przycisk i wr\u00f3ci\u0142 do tego \u017cycia.<\/p>\n<h4>*<\/h4>\n<p>W kabinie Kurt zachowywa\u0142 si\u0119 dziwnie. Wydawa\u0142 si\u0119 jednocze\u015bnie podekscytowany i przyt\u0142umiony, jakby nosi\u0142 w sobie jakie\u015b trudne prze\u017cycia, kt\u00f3re nie dawa\u0142y mu spokoju.<\/p>\n<p>Nie umkn\u0119\u0142o to uwadze Vargo, kt\u00f3ry jednak postanowi\u0142 przemilcze\u0107 spraw\u0119. Sam dobrze wiedzia\u0142, jak ta kosmiczna samotno\u015b\u0107 mo\u017ce wp\u0142ywa\u0107 na cz\u0142owieka.<\/p>\n<p>&#8211; Sp\u00f3\u017ani\u0142e\u015b si\u0119 5 minut &#8211; ni to pytaj\u0105co, ni oskar\u017cycielsko, oznajmi\u0142 Vi.<\/p>\n<p>&#8211; Przepraszam &#8211; odpar\u0142 Kurt beznami\u0119tnie. &#8211; D\u0142uga wspinaczka.<\/p>\n<p>Wyja\u015bnienie dobre, jak ka\u017cde inne, lecz Vi w nie nie uwierzy\u0142.<\/p>\n<p>&#8211; 5 minut? &#8211; Zdziwi\u0142 si\u0119 wewn\u0105trz Kurt, czego nie da\u0142 po sobie pozna\u0107. By\u0142 przekonany, \u017ce po drugiej stronie sp\u0119dzi\u0142 o wiele wi\u0119cej czasu, przynajmniej godzin\u0119. I chcia\u0142 tam jeszcze wr\u00f3ci\u0107.<\/p>\n<h4>*<\/h4>\n<p>&#8211; Fajrant! \u2013 wykrzykn\u0105\u0142 Vargo.<\/p>\n<p>Cykl praca-sen w tej bezczasowej przestrzeni by\u0142 poprzecinany w\u0142a\u015bnie takimi okrzykami. Upragnione has\u0142o obojga, poprzedzone sygna\u0142em \u015bwietlnym, dawa\u0142o zna\u0107, \u017ce na dzisiaj ju\u017c wystarczy. Pora odpocz\u0105\u0107, by w domniemanym \u201ejutro\u201d, kolejnym sygnale, wsta\u0107 i ruszy\u0107 zn\u00f3w do roboty.<\/p>\n<p>Nocn\u0105 por\u0119 Vi postanowi\u0142 wykorzysta\u0107 na ma\u0142e przeszpiegi. W tak hermetycznym i po prostu smutnym \u015brodowisku cz\u0142owiek nie potrzebowa\u0142 specjalnych zach\u0119t, aby podj\u0105\u0107 si\u0119 podobnych dzia\u0142a\u0144. Zreszt\u0105, wybieg ten uwa\u017ca\u0142 za profilaktyk\u0119, wobec markotnej postawy kolegi po powrocie z powierzchni. Lepiej wiedzie\u0107, na czym si\u0119 stoi.<\/p>\n<p>Te 5 minut sp\u00f3\u017anienia tak go nie interesowa\u0142o, cho\u0107 Kurt potrafi\u0142 si\u0119 wyrobi\u0107 z podobnym zadaniem kwadrans przed wyznaczonym w procedurze czasem, ale ten jego nastr\u00f3j nie dawa\u0142 mu spokoju.<\/p>\n<p>Vargo po cichu przeanalizowa\u0142 wykresy skafandra Kurta, z kt\u00f3rych wynika\u0142a niesamowita rzecz. He\u0142m zosta\u0142 rozszczelniony, co przecie\u017c doprowadzi\u0142oby do natychmiastowej \u015bmierci. Jedynym logicznym wyt\u0142umaczeniem, zatem by\u0142o to, \u017ce nast\u0105pi\u0142 jaki\u015b b\u0142\u0105d pomiaru, w najgorszym wypadku sam skafander, b\u0105d\u017a kt\u00f3ry\u015b z jego sensor\u00f3w by\u0142y uszkodzone, co r\u00f3wnie\u017c stanowi\u0142o zagro\u017cenie dla \u017cycia.<\/p>\n<p>Vi zresetowa\u0142 wyniki i od\u0142o\u017cy\u0142 skafander na miejsce. Jego uwag\u0119 przyku\u0142y jeszcze rzeczy osobiste towarzysza. Na wp\u00f3\u0142 otwarty plecak kusi\u0142, aby si\u0119gn\u0105\u0107 r\u0119k\u0105 do jego wn\u0119trza. Vargo nie opar\u0142 si\u0119 pokusie.<\/p>\n<p>Kurt poruszony niespokojnym snem na moment rozwar\u0142 powieki. Chwila ta wystarczy\u0142a, by zauwa\u017cy\u0142 Vargo grzebi\u0105cego przy jego plecaku.<\/p>\n<p>Kurt nie tyle zerwa\u0142 si\u0119 na r\u00f3wne nogi, co niczym w\u015bciek\u0142y pies, rzuci\u0142 si\u0119 na koleg\u0119 w obronie najcenniejszego, co teraz mia\u0142 \u2013 artefaktu, kt\u00f3ry dawa\u0142 mu nadziej\u0119 na lepsze jutro. Najzwyczajniej wpad\u0142 w jaki\u015b amok.<\/p>\n<p>W jednej sekundzie wywo\u0142a\u0142a si\u0119 szamotanina i b\u00f3jka nie na \u017carty. W powietrzu lata\u0142y pi\u0119\u015bci, czasem trafiaj\u0105c celu. Kurt broni\u0142 artefaktu, Vargo siebie. Totalne nieporozumienie.<\/p>\n<p>Przepychali si\u0119 od \u015bciany do \u015bciany ciasnego pomieszczenia, przewracali przedmioty, t\u0142ukli si\u0119 nimi, a\u017c nagle w powietrze wystrzeli\u0142 feralny plecak. Wypad\u0142 z niego artefakt i los chcia\u0142, \u017ce oboje go chwycili w locie.<\/p>\n<p>Kt\u00f3ry\u015b z nich przypadkiem wcisn\u0105\u0142 przycisk i obaj wyl\u0105dowali w Raju. I zaraz wr\u00f3cili. Vi oszo\u0142omiony migawk\u0105 z tamtego \u015bwiata, jakby zyska\u0142 na sile i postanowi\u0142 nie odpuszcza\u0107, cho\u0107 nadal nie rozumia\u0142, o co toczy si\u0119 walka.<\/p>\n<p>&#8211; Co jest?! \u2013 zdziwi\u0142 si\u0119 Vargo, lecz Kurt tylko zacisn\u0105\u0142 bardziej z\u0119by i z okrzykiem gwiezdnego \u017co\u0142nierza skoczy\u0142 na z\u0142ocisty spodek, by wyszarpn\u0105\u0107 go z r\u0105k kolegi.<\/p>\n<p>I niby si\u0119gn\u0105\u0142 artefaktu, i Vi niby wcisn\u0105\u0142 czerwony przycisk, lecz \u017caden z m\u0119\u017cczyzn nie osi\u0105gn\u0105\u0142 tego, co zamierza\u0142. Kurt, co prawda wytr\u0105ci\u0142 mu przedmiot, lecz go przy okazji uszkodzi\u0142, a Vargo znikn\u0105\u0142 z tego \u015bwiata, lecz nie wiadomo, gdzie wyl\u0105dowa\u0142.<\/p>\n<p>Czerwone \u015bwiat\u0142o artefaktu zgas\u0142o.<\/p>\n<p>Tak oto zako\u0144czy\u0142 si\u0119 bratob\u00f3jczy pojedynek, o kt\u00f3rym pewnie by nikt nie us\u0142ysza\u0142, gdyby nie jeden szczeg\u00f3\u0142. W kabinie 24 godziny na dob\u0119 rejestrowano d\u017awi\u0119k.<\/p>\n<h4>*<\/h4>\n<p>&#8211; Kurt\u2019cie Mitchellu, zostajesz skazany na \u015bmier\u0107 za morderstwo z premedytacj\u0105 Vargo Lacentre\u2019a, do kt\u00f3rego dosz\u0142o w kabinie koparki numer 32 Lux Miner \u2013 wyda\u0142 wyrok s\u0119dzia Trybuna\u0142u Sprawiedliwo\u015bci. \u2013 Egzekucja w formie krzes\u0142a elektrycznego odb\u0119dzie si\u0119 natychmiast po zamkni\u0119ciu rozprawy, co niniejszym czyni\u0119.<\/p>\n<p>Po czym bezwzgl\u0119dnie uderzy\u0142 m\u0142otem w st\u00f3\u0142.<\/p>\n<p>Stra\u017cnicy zabrali pod pachy zrezygnowanego robotnika. Kurt ju\u017c si\u0119 nie szamota\u0142. Ca\u0142\u0105 drog\u0119 rozmy\u015bla\u0142 o swoim marnym \u017cyciu i r\u00f3wnie marnym jego ko\u0144cu. W g\u0142owie wci\u0105\u017c mia\u0142 przepi\u0119kny obraz Raju, do kt\u00f3rego pewnie ju\u017c nie trafi. Czy\u017cby jeden z\u0142y czyn i wys\u0142anie kolegi w niebyt, mia\u0142y przekre\u015bli\u0107 jego marzenia o cudownym ko\u0144cu?<\/p>\n<p>Hol prowadz\u0105cy na krzes\u0142o d\u0142u\u017cy\u0142 mu si\u0119 w niesko\u0144czono\u015b\u0107, jakby by\u0142 \u015bcie\u017ck\u0105 przez Piek\u0142o. W najlepszym razie drog\u0105 odkupienia, czy\u015b\u0107cem, w kt\u00f3ry trudno mu by\u0142o teraz uwierzy\u0107.<\/p>\n<p>&nbsp;<\/p>\n","protected":false},"excerpt":{"rendered":"<p>To ju\u017c koniec. Artefakt zatoczy\u0142 kr\u0105g czasoprzestrzenny, bowiem autorem tej ostatniej, dziewi\u0105tej ods\u0142ony jest Osaya, laureat konkursu, kt\u00f3ry rozpocz\u0105\u0142 nasz\u0105 w\u0119dr\u00f3wk\u0119 po krainie sci-fi. Mi\u0142ej lektury!<\/p>\n","protected":false},"author":8850,"featured_media":785356,"comment_status":"open","ping_status":"closed","sticky":false,"template":"","format":"standard","meta":{"cybocfi_hide_featured_image":"","footnotes":""},"categories":[],"tags":[],"post_folder":[],"class_list":["post-785399","post","type-post","status-publish","format-standard","has-post-thumbnail","hentry"],"_links":{"self":[{"href":"https:\/\/wp4wpuw.pedagog.uw.edu.pl\/test\/wp-json\/wp\/v2\/posts\/785399","targetHints":{"allow":["GET"]}}],"collection":[{"href":"https:\/\/wp4wpuw.pedagog.uw.edu.pl\/test\/wp-json\/wp\/v2\/posts"}],"about":[{"href":"https:\/\/wp4wpuw.pedagog.uw.edu.pl\/test\/wp-json\/wp\/v2\/types\/post"}],"author":[{"embeddable":true,"href":"https:\/\/wp4wpuw.pedagog.uw.edu.pl\/test\/wp-json\/wp\/v2\/users\/8850"}],"replies":[{"embeddable":true,"href":"https:\/\/wp4wpuw.pedagog.uw.edu.pl\/test\/wp-json\/wp\/v2\/comments?post=785399"}],"version-history":[{"count":0,"href":"https:\/\/wp4wpuw.pedagog.uw.edu.pl\/test\/wp-json\/wp\/v2\/posts\/785399\/revisions"}],"wp:featuredmedia":[{"embeddable":true,"href":"https:\/\/wp4wpuw.pedagog.uw.edu.pl\/test\/wp-json\/wp\/v2\/media\/785356"}],"wp:attachment":[{"href":"https:\/\/wp4wpuw.pedagog.uw.edu.pl\/test\/wp-json\/wp\/v2\/media?parent=785399"}],"wp:term":[{"taxonomy":"category","embeddable":true,"href":"https:\/\/wp4wpuw.pedagog.uw.edu.pl\/test\/wp-json\/wp\/v2\/categories?post=785399"},{"taxonomy":"post_tag","embeddable":true,"href":"https:\/\/wp4wpuw.pedagog.uw.edu.pl\/test\/wp-json\/wp\/v2\/tags?post=785399"},{"taxonomy":"post_folder","embeddable":true,"href":"https:\/\/wp4wpuw.pedagog.uw.edu.pl\/test\/wp-json\/wp\/v2\/post_folder?post=785399"}],"curies":[{"name":"wp","href":"https:\/\/api.w.org\/{rel}","templated":true}]}}