{"id":792992,"date":"2019-02-18T12:00:00","date_gmt":"2019-02-18T11:00:00","guid":{"rendered":"https:\/\/www.gamesfanatic.pl\/?p=792992"},"modified":"2023-01-14T23:41:58","modified_gmt":"2023-01-14T22:41:58","slug":"patronat-gf-planszowki-w-arenie-gliwice","status":"publish","type":"post","link":"https:\/\/wp4wpuw.pedagog.uw.edu.pl\/test\/2019\/02\/18\/patronat-gf-planszowki-w-arenie-gliwice\/","title":{"rendered":"Patronat GF: Plansz\u00f3wki w Arenie Gliwice"},"content":{"rendered":"<p><a href=\"https:\/\/www.gamesfanatic.pl\/wp-content\/uploads\/2019\/02\/pwa-520x480-01.png\"><img loading=\"lazy\" decoding=\"async\" class=\"alignleft size-medium wp-image-792993\" src=\"https:\/\/www.gamesfanatic.pl\/wp-content\/uploads\/2019\/02\/pwa-520x480-01-200x185.png\" alt=\"\" width=\"200\" height=\"185\" srcset=\"https:\/\/wp4wpuw.pedagog.uw.edu.pl\/test\/wp-content\/uploads\/2019\/02\/pwa-520x480-01-200x185.png 200w, https:\/\/wp4wpuw.pedagog.uw.edu.pl\/test\/wp-content\/uploads\/2019\/02\/pwa-520x480-01.png 520w\" sizes=\"auto, (max-width: 200px) 100vw, 200px\" \/><\/a>Plansz\u00f3wkowe powiatnie wiosny! Po raz kolejny Hanysy poka\u017c\u0105 nam, \u017ce jak gra\u0107 w plansz\u00f3wki, to najlepiej na \u015al\u0105sku! Po wielkim sukcesie Plansz\u00f3wek w Spodku przychodzi czas na edycj\u0119 wiosenn\u0105 &#8211; tym razem w Arenie Gliwice. W imieniu redakcji GF oraz organizatora imprezy &#8211; kawiarni <strong>Ludiversum<\/strong> &#8211; serdecznie zapraszamy!!<\/p>\n<p><!--more--><\/p>\n<p>Katowicka kawiarnia z grami planszowymi Ludiversum ponownie zaprasza na G\u00f3rny \u015al\u0105sk wszystkich mi\u0142o\u015bnik\u00f3w gier planszowych.<\/p>\n<p>Po jesiennym sukcesie organizowanych przez nich Plansz\u00f3wek w Spodku (w wydarzeniu wzi\u0119\u0142o udzia\u0142 13 wystawc\u00f3w oraz 2300 uczestnik\u00f3w) na wiosn\u0119 organizuj\u0105 kolejny du\u017cy festiwal gier planszowych &#8211; tym razem b\u0119d\u0105 to Plansz\u00f3wki w Arenie Gliwice w weekend 30-31 marca 2019.<\/p>\n<p>Podobnie jak poprzednio, celem festiwalu jest zaprezentowa\u0107 gry planszowe jako ciekaw\u0105 form\u0119 rozrywki oraz spos\u00f3b na sp\u0119dzanie czasu w gronie rodziny i przyjaci\u00f3\u0142. Festiwal skierowany jest do ka\u017cdego, bez wzgl\u0119du na wiek czy do\u015bwiadczenie w grach. Przez dwa dni (sobot\u0119 i niedziel\u0119) ka\u017cdy b\u0119dzie m\u00f3g\u0142 przyj\u015b\u0107 i zagra\u0107 w dost\u0119pne w wypo\u017cyczalni gry &#8211; zar\u00f3wno zaawansowani gracze, jak i pocz\u0105tkuj\u0105cy, odkrywaj\u0105cy dopiero rado\u015b\u0107 p\u0142yn\u0105c\u0105 z plansz\u00f3wek, znajd\u0105 tu gry, przy kt\u00f3rych b\u0119d\u0105 si\u0119 dobrze bawi\u0107.<\/p>\n<p>Na uczestnik\u00f3w Plansz\u00f3wek w Arenie Gliwice czeka\u0107 b\u0119d\u0105 atrakcje w postaci biblioteki wyposa\u017conej w 500 gier, pomocnych animator\u00f3w t\u0142umacz\u0105cych zasady, wspania\u0142ych wsp\u00f3\u0142graczy i doskona\u0142ej zabawy. B\u0119dzie mo\u017cna te\u017c spotka\u0107 wydawc\u00f3w z r\u00f3\u017cnych zak\u0105tk\u00f3w Polski, pozna\u0107 ich nowe tytu\u0142y, a nawet zakupi\u0107 je do swojej kolekcji. B\u0119dzie mo\u017cna te\u017c zagra\u0107 w najciekawsze prototypy pocz\u0105tkuj\u0105cych autor\u00f3w. W planach s\u0105 r\u00f3wnie\u017c turnieje oraz sesje RPG.<\/p>\n<p>Serdecznie zapraszamy wszystkich, gdy\u017c plansz\u00f3wki to \u015bwietna zabawa dla ka\u017cdego i doskona\u0142y spos\u00f3b na budowanie wi\u0119zi mi\u0119dzy lud\u017ami.<\/p>\n<p>Wi\u0119cej informacji na temat wydarzenia znajdziecie na <strong><a href=\"https:\/\/www.facebook.com\/ludiversum\/\">profilu organizatora<\/a><\/strong>\u00a0oraz w <a href=\"https:\/\/www.facebook.com\/events\/1013284798795761\/\"><strong>Facebookowym wydarzeniu<\/strong>.\u00a0<\/a><\/p>\n<p>DATA FESTIWALU: 30-31 marca 2019<\/p>\n<p>GODZINY FESTIWALU:<br \/>\nSobota 10.00-20.00<br \/>\nNiedziela 10.00-18.00<\/p>\n<p>MIEJSCE: Arena Gliwice, ul. Akademicka 50, Gliwice<\/p>\n<p>BILETY:<br \/>\n&#8211; 1-osobowe: 1-dniowy: 15 z\u0142 \/ 2-dniowy: 20 z\u0142<br \/>\n&#8211; rodzinne: 1-dniowy: 30 z\u0142 \/ 2-dniowy: 40 z\u0142<br \/>\n(Na jednym bilecie rodzinnym mog\u0105 wej\u015b\u0107 max. 2 osoby doros\u0142e + dowolna liczba dzieci poni\u017cej 13. roku \u017cycia).<\/p>\n","protected":false},"excerpt":{"rendered":"<p>Plansz\u00f3wkowe powiatnie wiosny! Po raz kolejny Hanysy poka\u017c\u0105 nam, \u017ce jak gra\u0107 w plansz\u00f3wki, to najlepiej na \u015al\u0105sku! Po wielkim sukcesie Plansz\u00f3wek w Spodku przychodzi czas na edycj\u0119 wiosenn\u0105 &#8211; tym razem w Arenie Gliwice. W imieniu redakcji GF oraz organizatora imprezy &#8211; kawiarni Ludiversum &#8211; serdecznie zapraszamy!!<\/p>\n","protected":false},"author":8856,"featured_media":792993,"comment_status":"open","ping_status":"closed","sticky":false,"template":"","format":"standard","meta":{"cybocfi_hide_featured_image":"","footnotes":""},"categories":[],"tags":[],"post_folder":[],"class_list":["post-792992","post","type-post","status-publish","format-standard","has-post-thumbnail","hentry"],"_links":{"self":[{"href":"https:\/\/wp4wpuw.pedagog.uw.edu.pl\/test\/wp-json\/wp\/v2\/posts\/792992","targetHints":{"allow":["GET"]}}],"collection":[{"href":"https:\/\/wp4wpuw.pedagog.uw.edu.pl\/test\/wp-json\/wp\/v2\/posts"}],"about":[{"href":"https:\/\/wp4wpuw.pedagog.uw.edu.pl\/test\/wp-json\/wp\/v2\/types\/post"}],"author":[{"embeddable":true,"href":"https:\/\/wp4wpuw.pedagog.uw.edu.pl\/test\/wp-json\/wp\/v2\/users\/8856"}],"replies":[{"embeddable":true,"href":"https:\/\/wp4wpuw.pedagog.uw.edu.pl\/test\/wp-json\/wp\/v2\/comments?post=792992"}],"version-history":[{"count":0,"href":"https:\/\/wp4wpuw.pedagog.uw.edu.pl\/test\/wp-json\/wp\/v2\/posts\/792992\/revisions"}],"wp:featuredmedia":[{"embeddable":true,"href":"https:\/\/wp4wpuw.pedagog.uw.edu.pl\/test\/wp-json\/wp\/v2\/media\/792993"}],"wp:attachment":[{"href":"https:\/\/wp4wpuw.pedagog.uw.edu.pl\/test\/wp-json\/wp\/v2\/media?parent=792992"}],"wp:term":[{"taxonomy":"category","embeddable":true,"href":"https:\/\/wp4wpuw.pedagog.uw.edu.pl\/test\/wp-json\/wp\/v2\/categories?post=792992"},{"taxonomy":"post_tag","embeddable":true,"href":"https:\/\/wp4wpuw.pedagog.uw.edu.pl\/test\/wp-json\/wp\/v2\/tags?post=792992"},{"taxonomy":"post_folder","embeddable":true,"href":"https:\/\/wp4wpuw.pedagog.uw.edu.pl\/test\/wp-json\/wp\/v2\/post_folder?post=792992"}],"curies":[{"name":"wp","href":"https:\/\/api.w.org\/{rel}","templated":true}]}}