{"id":795349,"date":"2019-07-22T08:00:00","date_gmt":"2019-07-22T06:00:00","guid":{"rendered":"https:\/\/www.gamesfanatic.pl\/?p=795349"},"modified":"2023-01-14T22:55:02","modified_gmt":"2023-01-14T21:55:02","slug":"copernicon-2019-karnawal-wyobrazni-w-toruniu","status":"publish","type":"post","link":"https:\/\/wp4wpuw.pedagog.uw.edu.pl\/test\/2019\/07\/22\/copernicon-2019-karnawal-wyobrazni-w-toruniu\/","title":{"rendered":"Copernicon 2019 &#8211; karnawa\u0142 wyobra\u017ani w Toruniu"},"content":{"rendered":"<p><strong><a href=\"https:\/\/www.gamesfanatic.pl\/wp-content\/uploads\/2019\/07\/copernicon-1.jpg\"><img loading=\"lazy\" decoding=\"async\" class=\"aligncenter size-full wp-image-795354\" src=\"https:\/\/www.gamesfanatic.pl\/wp-content\/uploads\/2019\/07\/copernicon-1.jpg\" alt=\"\" width=\"512\" height=\"137\" srcset=\"https:\/\/wp4wpuw.pedagog.uw.edu.pl\/test\/wp-content\/uploads\/2019\/07\/copernicon-1.jpg 512w, https:\/\/wp4wpuw.pedagog.uw.edu.pl\/test\/wp-content\/uploads\/2019\/07\/copernicon-1-200x54.jpg 200w\" sizes=\"auto, (max-width: 512px) 100vw, 512px\" \/><\/a><\/strong><\/p>\n<p><strong>Copernicon<\/strong> to \u015bwi\u0119to fan\u00f3w fantastyki, literatury i popkultury odbywaj\u0105ce si\u0119 w samym centrum magicznej, toru\u0144skiej star\u00f3wki. Festiwal odb\u0119dzie si\u0119 w dniach 13-15 wrze\u015bnia a tegoroczna edycja b\u0119dzie ju\u017c jego dziesi\u0105t\u0105 ods\u0142on\u0105. Pocz\u0105tkowo niewielka, cho\u0107 ju\u017c od pierwszej edycji licz\u0105ca si\u0119 na arenie og\u00f3lnopolskiej impreza, w roku 2018 ugo\u015bci\u0142a ponad 3500 uczestnik\u00f3w potwierdzaj\u0105c swoj\u0105 pozycj\u0119 jednego z najwi\u0119kszych festiwali fantastyki w kraju.<!--more--><\/p>\n<p><a href=\"https:\/\/www.gamesfanatic.pl\/wp-content\/uploads\/2019\/07\/copernicon2018_fot_1.jpg\"><img loading=\"lazy\" decoding=\"async\" class=\"alignleft size-medium wp-image-795359\" src=\"https:\/\/www.gamesfanatic.pl\/wp-content\/uploads\/2019\/07\/copernicon2018_fot_1-200x133.jpg\" alt=\"\" width=\"200\" height=\"133\" srcset=\"https:\/\/wp4wpuw.pedagog.uw.edu.pl\/test\/wp-content\/uploads\/2019\/07\/copernicon2018_fot_1-200x133.jpg 200w, https:\/\/wp4wpuw.pedagog.uw.edu.pl\/test\/wp-content\/uploads\/2019\/07\/copernicon2018_fot_1-768x509.jpg 768w, https:\/\/wp4wpuw.pedagog.uw.edu.pl\/test\/wp-content\/uploads\/2019\/07\/copernicon2018_fot_1-1024x678.jpg 1024w, https:\/\/wp4wpuw.pedagog.uw.edu.pl\/test\/wp-content\/uploads\/2019\/07\/copernicon2018_fot_1.jpg 1200w\" sizes=\"auto, (max-width: 200px) 100vw, 200px\" \/><\/a>Na program Coperniconu ka\u017cdego roku sk\u0142ada si\u0119 blisko 1000 godzin atrakcji takich jak <strong>prelekcje, pokazy, warsztaty, konkursy, koncerty, seanse filmowe i spotkania z zaproszonymi go\u015b\u0107mi<\/strong>. Punkty programu podzielone s\u0105 na bloki tematyczne i odbywaj\u0105 si\u0119 w kilku lokalizacjach rozsianych po toru\u0144skiej star\u00f3wce. Uczestnicy Festiwalu odwiedzi\u0107 mog\u0105 mi\u0119dzy innymi niezwykle atrakcyjne budynki wydzia\u0142\u00f3w Uniwersytetu Miko\u0142aja Kopernika takie jak Collegium Maximum, Collegium Minus czy Wydzia\u0142 Matematyki i Informatyki. W poprzednich latach festiwal go\u015bci\u0142 wiele znamienitych osobisto\u015bci takich jak Catherine Webb, Olga Gromyko, Andrzej Sapkowski, Jakub \u0106wiek, Andrzej Pilipiuk, Robert M. Wegner, Grupa Filmowa Darwin i dziesi\u0105tki innych. Warto tak\u017ce wspomnie\u0107 \u017ce od 2016 roku Copernicon mia\u0142 zaszczyt trzykrotnie przeprowadza\u0107 w ramach festiwalu uroczysto\u015b\u0107 wr\u0119czenia nagrody literackiej im. Jerzego \u017bu\u0142awskiego. Podczas dziesi\u0105tej edycji Festiwalu planowanych jest jeszcze wi\u0119cej wyj\u0105tkowych punkt\u00f3w programu i spotka\u0144 ze znanymi osobisto\u015bciami \u015bwiata literatury i popkultury!<\/p>\n<p><a href=\"https:\/\/www.gamesfanatic.pl\/wp-content\/uploads\/2019\/07\/copernicon2018_fot_6.jpg\"><img loading=\"lazy\" decoding=\"async\" class=\"size-medium wp-image-795355 alignright\" src=\"https:\/\/www.gamesfanatic.pl\/wp-content\/uploads\/2019\/07\/copernicon2018_fot_6-200x133.jpg\" alt=\"\" width=\"200\" height=\"133\" srcset=\"https:\/\/wp4wpuw.pedagog.uw.edu.pl\/test\/wp-content\/uploads\/2019\/07\/copernicon2018_fot_6-200x133.jpg 200w, https:\/\/wp4wpuw.pedagog.uw.edu.pl\/test\/wp-content\/uploads\/2019\/07\/copernicon2018_fot_6-768x509.jpg 768w, https:\/\/wp4wpuw.pedagog.uw.edu.pl\/test\/wp-content\/uploads\/2019\/07\/copernicon2018_fot_6-1024x678.jpg 1024w, https:\/\/wp4wpuw.pedagog.uw.edu.pl\/test\/wp-content\/uploads\/2019\/07\/copernicon2018_fot_6.jpg 1200w\" sizes=\"auto, (max-width: 200px) 100vw, 200px\" \/><\/a>Jedn\u0105 z atrakcji, kt\u00f3ra co roku skupiaj\u0105 najwi\u0119ksz\u0105 uwag\u0119 to niew\u0105tpliwie <strong>Cosplay<\/strong> czyli pokaz i konkurs stroj\u00f3w przygotowanych przez uczestnik\u00f3w. Jury wybiera najlepsze przebrania i aran\u017cacje a ich autorzy otrzymuj\u0105 cenne nagrody. Niezmiennie ogromnym zainteresowaniem ciesz\u0105 si\u0119 r\u00f3wnie\u017c Fantastyczne Targi Popkultury czyli zlokalizowana na rynku Nowomiejskim strefa targowa \u2013 uczestnicy Festiwalu mog\u0105 skorzysta\u0107 tam z oferty kilkudziesi\u0119ciu fantastycznych wystawc\u00f3w i zdoby\u0107 wyj\u0105tkowe gad\u017cety, koszulki, ksi\u0105\u017cki czy komiksy.<\/p>\n<p><a href=\"https:\/\/www.gamesfanatic.pl\/wp-content\/uploads\/2019\/07\/copernicon2018_fot_4.jpg\"><img loading=\"lazy\" decoding=\"async\" class=\"alignleft size-medium wp-image-795358\" src=\"https:\/\/www.gamesfanatic.pl\/wp-content\/uploads\/2019\/07\/copernicon2018_fot_4-200x133.jpg\" alt=\"\" width=\"200\" height=\"133\" srcset=\"https:\/\/wp4wpuw.pedagog.uw.edu.pl\/test\/wp-content\/uploads\/2019\/07\/copernicon2018_fot_4-200x133.jpg 200w, https:\/\/wp4wpuw.pedagog.uw.edu.pl\/test\/wp-content\/uploads\/2019\/07\/copernicon2018_fot_4-768x509.jpg 768w, https:\/\/wp4wpuw.pedagog.uw.edu.pl\/test\/wp-content\/uploads\/2019\/07\/copernicon2018_fot_4-1024x678.jpg 1024w, https:\/\/wp4wpuw.pedagog.uw.edu.pl\/test\/wp-content\/uploads\/2019\/07\/copernicon2018_fot_4.jpg 1200w\" sizes=\"auto, (max-width: 200px) 100vw, 200px\" \/><\/a>Cech\u0105 wyr\u00f3\u017cniaj\u0105c\u0105 Copernicon jest nie tylko atrakcyjny program. Wyj\u0105tkowy, magiczny i niepowtarzalny klimat festiwalu tworz\u0105 przede wszystkim jego fantastyczni uczestnicy. Co roku jesieni\u0105, centrum Torunia wype\u0142niaj\u0105 tysi\u0105ce u\u015bmiechni\u0119tych os\u00f3b, ciesz\u0105cych si\u0119 swoj\u0105 pasj\u0105 i chc\u0105cych dzieli\u0107 si\u0119 t\u0105 rado\u015bci\u0105 z innymi, cz\u0119sto przebieraj\u0105c si\u0119 w pi\u0119kne i przepe\u0142nione detalami stroje upodabniaj\u0105ce ich do ulubionych bohater\u00f3w. Wielu z nich dok\u0142ada r\u00f3wnie\u017c swoj\u0105 cegie\u0142k\u0119 do organizacji Festiwalu wsp\u00f3\u0142tworz\u0105c jego program lub zostaj\u0105c wolontariuszem. Has\u0142o tegorocznej edycji Coperniconu, \u201e<strong>Wszyscy <a href=\"https:\/\/www.gamesfanatic.pl\/wp-content\/uploads\/2019\/07\/copernicon2018_fot_2.jpg\"><img loading=\"lazy\" decoding=\"async\" class=\"size-medium wp-image-795356 alignright\" src=\"https:\/\/www.gamesfanatic.pl\/wp-content\/uploads\/2019\/07\/copernicon2018_fot_2-200x133.jpg\" alt=\"\" width=\"200\" height=\"133\" srcset=\"https:\/\/wp4wpuw.pedagog.uw.edu.pl\/test\/wp-content\/uploads\/2019\/07\/copernicon2018_fot_2-200x133.jpg 200w, https:\/\/wp4wpuw.pedagog.uw.edu.pl\/test\/wp-content\/uploads\/2019\/07\/copernicon2018_fot_2-768x509.jpg 768w, https:\/\/wp4wpuw.pedagog.uw.edu.pl\/test\/wp-content\/uploads\/2019\/07\/copernicon2018_fot_2-1024x678.jpg 1024w, https:\/\/wp4wpuw.pedagog.uw.edu.pl\/test\/wp-content\/uploads\/2019\/07\/copernicon2018_fot_2.jpg 1200w\" sizes=\"auto, (max-width: 200px) 100vw, 200px\" \/><\/a>jeste\u015bmy fantastyczni!<\/strong>\u201d, jeszcze bardziej podkre\u015bla niezwyk\u0142y klimat imprezy i jej uczestnik\u00f3w. Na wyj\u0105tkowo\u015b\u0107 festiwalu sk\u0142ada si\u0119 r\u00f3wnie\u017c zaanga\u017cowanie i do\u015bwiadczenie organizator\u00f3w, pasjonat\u00f3w tematyki kt\u00f3r\u0105 si\u0119 zajmuj\u0105. Copernicon organizowany jest przez <strong>Stowarzyszenie Mi\u0142o\u015bnik\u00f3w Gier i Fantastyki THORN<\/strong>, a w jego ubieg\u0142oroczn\u0105 edycj\u0119 zaanga\u017cowanych by\u0142o a\u017c 70 organizator\u00f3w i ponad 200 wolontariuszy.<\/p>\n<p><strong>Copernicon to prawdziwy karnawa\u0142 wyobra\u017ani!<\/strong><\/p>\n<div class=\"clear\"><\/div><div class=\"divider\"><\/div>\n<p>Niezmiernie mi\u0142o jest nam poinformowa\u0107, \u017ce Games Fanatic obj\u0105\u0142 tegoroczn\u0105 edycj\u0119 festiwalu swoim patronatem. A wi\u0119c, ju\u017c we wrze\u015bniu &#8211; przybywajcie, bawcie si\u0119 razem z nami, a dla tych, kt\u00f3rzy nie b\u0119d\u0105 mogli uczestniczy\u0107 przygotujemy relacj\u0119 pe\u0142n\u0105 wra\u017ce\u0144 i fotografii.<\/p>\n<p>Ju\u017c wkr\u00f3tce wi\u0119cej szczeg\u00f3\u0142\u00f3w. Stay tuned \ud83d\ude42<\/p>\n<p>&nbsp;<\/p>\n","protected":false},"excerpt":{"rendered":"<p>Niezmiernie mi\u0142o jest nam poinformowa\u0107, \u017ce Games Fanatic obj\u0105\u0142 tegoroczn\u0105 edycj\u0119 festiwalu Copernicon swoim patronatem. A wi\u0119c, ju\u017c we wrze\u015bniu &#8211; przybywajcie, bawcie si\u0119 razem z nami, a dla tych, kt\u00f3rzy nie b\u0119d\u0105 mogli uczestniczy\u0107 przygotujemy relacj\u0119 pe\u0142n\u0105 wra\u017ce\u0144 i fotografii.<\/p>\n","protected":false},"author":8850,"featured_media":795354,"comment_status":"open","ping_status":"closed","sticky":false,"template":"","format":"standard","meta":{"cybocfi_hide_featured_image":"","footnotes":""},"categories":[],"tags":[],"post_folder":[],"class_list":["post-795349","post","type-post","status-publish","format-standard","has-post-thumbnail","hentry"],"_links":{"self":[{"href":"https:\/\/wp4wpuw.pedagog.uw.edu.pl\/test\/wp-json\/wp\/v2\/posts\/795349","targetHints":{"allow":["GET"]}}],"collection":[{"href":"https:\/\/wp4wpuw.pedagog.uw.edu.pl\/test\/wp-json\/wp\/v2\/posts"}],"about":[{"href":"https:\/\/wp4wpuw.pedagog.uw.edu.pl\/test\/wp-json\/wp\/v2\/types\/post"}],"author":[{"embeddable":true,"href":"https:\/\/wp4wpuw.pedagog.uw.edu.pl\/test\/wp-json\/wp\/v2\/users\/8850"}],"replies":[{"embeddable":true,"href":"https:\/\/wp4wpuw.pedagog.uw.edu.pl\/test\/wp-json\/wp\/v2\/comments?post=795349"}],"version-history":[{"count":0,"href":"https:\/\/wp4wpuw.pedagog.uw.edu.pl\/test\/wp-json\/wp\/v2\/posts\/795349\/revisions"}],"wp:featuredmedia":[{"embeddable":true,"href":"https:\/\/wp4wpuw.pedagog.uw.edu.pl\/test\/wp-json\/wp\/v2\/media\/795354"}],"wp:attachment":[{"href":"https:\/\/wp4wpuw.pedagog.uw.edu.pl\/test\/wp-json\/wp\/v2\/media?parent=795349"}],"wp:term":[{"taxonomy":"category","embeddable":true,"href":"https:\/\/wp4wpuw.pedagog.uw.edu.pl\/test\/wp-json\/wp\/v2\/categories?post=795349"},{"taxonomy":"post_tag","embeddable":true,"href":"https:\/\/wp4wpuw.pedagog.uw.edu.pl\/test\/wp-json\/wp\/v2\/tags?post=795349"},{"taxonomy":"post_folder","embeddable":true,"href":"https:\/\/wp4wpuw.pedagog.uw.edu.pl\/test\/wp-json\/wp\/v2\/post_folder?post=795349"}],"curies":[{"name":"wp","href":"https:\/\/api.w.org\/{rel}","templated":true}]}}