{"id":813153,"date":"2022-08-23T09:00:00","date_gmt":"2022-08-23T07:00:00","guid":{"rendered":"https:\/\/www.gamesfanatic.pl\/?p=813153"},"modified":"2022-08-23T09:46:01","modified_gmt":"2022-08-23T07:46:01","slug":"enemy-aaction-kharkov-fotorelacja-z-rozgrywki","status":"publish","type":"post","link":"https:\/\/wp4wpuw.pedagog.uw.edu.pl\/test\/2022\/08\/23\/enemy-aaction-kharkov-fotorelacja-z-rozgrywki\/","title":{"rendered":"Enemy Action: Kharkov &#8211; fotorelacja z rozgrywki"},"content":{"rendered":"<p>John H. Butterfiled to geniusz wojennych gier solo. W\u0142a\u015bnie w sklepach pojawi\u0142a si\u0119 jego najnowsza gra Enemy Action: Kharkov, symuluj\u0105ca walki w rejonie Charkowa wiosn\u0105 1943 roku. By\u0142 to bardzo gor\u0105cy okres &#8211; najpierw Rosjanie przeprowadzili siln\u0105 ofensyw\u0119 a p\u00f3\u017aniej Niemcy mocno kontratakowali. Kiedy zdoby\u0142em te gr\u0119, to od razu rzuci\u0142em si\u0119 na najtrudniejszy wariant, czyli German Solo, w kt\u00f3rym gra odpowiada za dzia\u0142ania Rosjan. W ko\u0144cu jestem weteranem Arden, pierwszej gry z tej serii, wi\u0119c co to dla mnie! Zobaczcie co z tego wynik\u0142o.<!--more--><\/p>\n\n        <style type='text\/css'>\n            #gallery-1 {\n                margin: auto;\n            }\n            #gallery-1 .gallery-item {\n                float: left;\n                margin-top: 10px;\n                text-align: center;\n                width: 100%;           }\n            #gallery-1 img {\n                border: 2px solid #cfcfcf;\n            }\n            #gallery-1 .gallery-caption {\n                margin-left: 0;\n            }\n        <\/style>\n        <!-- see gallery_shortcode() in wp-includes\/media.php -->\n        <div id='gallery-1' class='gallery-images gallery galleryid-813153'><dl class='gallery-item'>\n            <dt class='gallery-icon'>\n                <a href='https:\/\/wp4wpuw.pedagog.uw.edu.pl\/test\/wp-content\/uploads\/2022\/08\/eak1.jpg'><img loading=\"lazy\" decoding=\"async\" width=\"620\" height=\"466\" src=\"https:\/\/wp4wpuw.pedagog.uw.edu.pl\/test\/wp-content\/uploads\/2022\/08\/eak1-1024x769.jpg\" class=\"attachment-large size-large\" alt=\"\" srcset=\"https:\/\/wp4wpuw.pedagog.uw.edu.pl\/test\/wp-content\/uploads\/2022\/08\/eak1-1024x769.jpg 1024w, https:\/\/wp4wpuw.pedagog.uw.edu.pl\/test\/wp-content\/uploads\/2022\/08\/eak1-300x225.jpg 300w, https:\/\/wp4wpuw.pedagog.uw.edu.pl\/test\/wp-content\/uploads\/2022\/08\/eak1-768x577.jpg 768w, https:\/\/wp4wpuw.pedagog.uw.edu.pl\/test\/wp-content\/uploads\/2022\/08\/eak1.jpg 1200w\" sizes=\"auto, (max-width: 620px) 100vw, 620px\" \/><\/a>\n            <\/dt>\n                <dd class='gallery-caption'>\n                Wojska rozstawione, Rosjanie (\u017cetony pomara\u0144czowe) s\u0105 gotowi do rozpocz\u0119cia ofensywy przeciwko Niemcom (\u017cetony szare).\n                <\/dd><\/dl><br style=\"clear: both\" \/><dl class='gallery-item'>\n            <dt class='gallery-icon'>\n                <a href='https:\/\/wp4wpuw.pedagog.uw.edu.pl\/test\/wp-content\/uploads\/2022\/08\/eak2.jpg'><img loading=\"lazy\" decoding=\"async\" width=\"620\" height=\"466\" src=\"https:\/\/wp4wpuw.pedagog.uw.edu.pl\/test\/wp-content\/uploads\/2022\/08\/eak2-1024x769.jpg\" class=\"attachment-large size-large\" alt=\"\" srcset=\"https:\/\/wp4wpuw.pedagog.uw.edu.pl\/test\/wp-content\/uploads\/2022\/08\/eak2-1024x769.jpg 1024w, https:\/\/wp4wpuw.pedagog.uw.edu.pl\/test\/wp-content\/uploads\/2022\/08\/eak2-300x225.jpg 300w, https:\/\/wp4wpuw.pedagog.uw.edu.pl\/test\/wp-content\/uploads\/2022\/08\/eak2-768x577.jpg 768w, https:\/\/wp4wpuw.pedagog.uw.edu.pl\/test\/wp-content\/uploads\/2022\/08\/eak2.jpg 1200w\" sizes=\"auto, (max-width: 620px) 100vw, 620px\" \/><\/a>\n            <\/dt>\n                <dd class='gallery-caption'>\n                Pierwsza aktywacja Rosjan jest u\u0142atwiona &#8211; zamiast samemu rozgrywa\u0107 ich akcj\u0119, rzuca si\u0119 kostk\u0105 i ustawia jeden z rozliczonych przez autora wariant\u00f3w.\n                <\/dd><\/dl><br style=\"clear: both\" \/><dl class='gallery-item'>\n            <dt class='gallery-icon'>\n                <a href='https:\/\/wp4wpuw.pedagog.uw.edu.pl\/test\/wp-content\/uploads\/2022\/08\/eak3.jpg'><img loading=\"lazy\" decoding=\"async\" width=\"620\" height=\"466\" src=\"https:\/\/wp4wpuw.pedagog.uw.edu.pl\/test\/wp-content\/uploads\/2022\/08\/eak3-1024x769.jpg\" class=\"attachment-large size-large\" alt=\"\" srcset=\"https:\/\/wp4wpuw.pedagog.uw.edu.pl\/test\/wp-content\/uploads\/2022\/08\/eak3-1024x769.jpg 1024w, https:\/\/wp4wpuw.pedagog.uw.edu.pl\/test\/wp-content\/uploads\/2022\/08\/eak3-300x225.jpg 300w, https:\/\/wp4wpuw.pedagog.uw.edu.pl\/test\/wp-content\/uploads\/2022\/08\/eak3-768x577.jpg 768w, https:\/\/wp4wpuw.pedagog.uw.edu.pl\/test\/wp-content\/uploads\/2022\/08\/eak3.jpg 1200w\" sizes=\"auto, (max-width: 620px) 100vw, 620px\" \/><\/a>\n            <\/dt>\n                <dd class='gallery-caption'>\n                Mobilna grupa Popowa (oddzia\u0142y z \u017c\u00f3\u0142tym paskiem) rozbija obron\u0119.\n                <\/dd><\/dl><br style=\"clear: both\" \/><dl class='gallery-item'>\n            <dt class='gallery-icon'>\n                <a href='https:\/\/wp4wpuw.pedagog.uw.edu.pl\/test\/wp-content\/uploads\/2022\/08\/eak4.jpg'><img loading=\"lazy\" decoding=\"async\" width=\"620\" height=\"466\" src=\"https:\/\/wp4wpuw.pedagog.uw.edu.pl\/test\/wp-content\/uploads\/2022\/08\/eak4-1024x769.jpg\" class=\"attachment-large size-large\" alt=\"\" srcset=\"https:\/\/wp4wpuw.pedagog.uw.edu.pl\/test\/wp-content\/uploads\/2022\/08\/eak4-1024x769.jpg 1024w, https:\/\/wp4wpuw.pedagog.uw.edu.pl\/test\/wp-content\/uploads\/2022\/08\/eak4-300x225.jpg 300w, https:\/\/wp4wpuw.pedagog.uw.edu.pl\/test\/wp-content\/uploads\/2022\/08\/eak4-768x577.jpg 768w, https:\/\/wp4wpuw.pedagog.uw.edu.pl\/test\/wp-content\/uploads\/2022\/08\/eak4.jpg 1200w\" sizes=\"auto, (max-width: 620px) 100vw, 620px\" \/><\/a>\n            <\/dt>\n                <dd class='gallery-caption'>\n                Pechowo dla Niemc\u00f3w od razu posz\u0142a kolejna aktywacja dla Popowa i nast\u0105pi\u0142o ca\u0142kowite prze\u0142amanie frontu.\n                <\/dd><\/dl><br style=\"clear: both\" \/><dl class='gallery-item'>\n            <dt class='gallery-icon'>\n                <a href='https:\/\/wp4wpuw.pedagog.uw.edu.pl\/test\/wp-content\/uploads\/2022\/08\/eak5.jpg'><img loading=\"lazy\" decoding=\"async\" width=\"620\" height=\"466\" src=\"https:\/\/wp4wpuw.pedagog.uw.edu.pl\/test\/wp-content\/uploads\/2022\/08\/eak5-1024x769.jpg\" class=\"attachment-large size-large\" alt=\"\" srcset=\"https:\/\/wp4wpuw.pedagog.uw.edu.pl\/test\/wp-content\/uploads\/2022\/08\/eak5-1024x769.jpg 1024w, https:\/\/wp4wpuw.pedagog.uw.edu.pl\/test\/wp-content\/uploads\/2022\/08\/eak5-300x225.jpg 300w, https:\/\/wp4wpuw.pedagog.uw.edu.pl\/test\/wp-content\/uploads\/2022\/08\/eak5-768x577.jpg 768w, https:\/\/wp4wpuw.pedagog.uw.edu.pl\/test\/wp-content\/uploads\/2022\/08\/eak5.jpg 1200w\" sizes=\"auto, (max-width: 620px) 100vw, 620px\" \/><\/a>\n            <\/dt>\n                <dd class='gallery-caption'>\n                Niemiecki III Korpus Pancerny (pomara\u0144czowy pasek) pr\u00f3bowa\u0142 za\u0142ata\u0107 dziur\u0119, ale zanim zaj\u0105\u0142 sensowne pozycje, Popow ponownie uderzy\u0142.\n                <\/dd><\/dl><br style=\"clear: both\" \/><dl class='gallery-item'>\n            <dt class='gallery-icon'>\n                <a href='https:\/\/wp4wpuw.pedagog.uw.edu.pl\/test\/wp-content\/uploads\/2022\/08\/eak6.jpg'><img loading=\"lazy\" decoding=\"async\" width=\"620\" height=\"466\" src=\"https:\/\/wp4wpuw.pedagog.uw.edu.pl\/test\/wp-content\/uploads\/2022\/08\/eak6-1024x769.jpg\" class=\"attachment-large size-large\" alt=\"\" srcset=\"https:\/\/wp4wpuw.pedagog.uw.edu.pl\/test\/wp-content\/uploads\/2022\/08\/eak6-1024x769.jpg 1024w, https:\/\/wp4wpuw.pedagog.uw.edu.pl\/test\/wp-content\/uploads\/2022\/08\/eak6-300x225.jpg 300w, https:\/\/wp4wpuw.pedagog.uw.edu.pl\/test\/wp-content\/uploads\/2022\/08\/eak6-768x577.jpg 768w, https:\/\/wp4wpuw.pedagog.uw.edu.pl\/test\/wp-content\/uploads\/2022\/08\/eak6.jpg 1200w\" sizes=\"auto, (max-width: 620px) 100vw, 620px\" \/><\/a>\n            <\/dt>\n                <dd class='gallery-caption'>\n                Walki trwa\u0142y r\u00f3wnie\u017c na odcinku Frontu Woroneskiego, gdzie Trzecia Armia Pancerna tak\u017ce prze\u0142ama\u0142a pierwsz\u0105 lini\u0119 obrony i zacz\u0119\u0142a spycha\u0107 niemiecki korpus SS w stron\u0119 Charkowa..\n                <\/dd><\/dl><br style=\"clear: both\" \/><dl class='gallery-item'>\n            <dt class='gallery-icon'>\n                <a href='https:\/\/wp4wpuw.pedagog.uw.edu.pl\/test\/wp-content\/uploads\/2022\/08\/eak7.jpg'><img loading=\"lazy\" decoding=\"async\" width=\"620\" height=\"466\" src=\"https:\/\/wp4wpuw.pedagog.uw.edu.pl\/test\/wp-content\/uploads\/2022\/08\/eak7-1024x769.jpg\" class=\"attachment-large size-large\" alt=\"\" srcset=\"https:\/\/wp4wpuw.pedagog.uw.edu.pl\/test\/wp-content\/uploads\/2022\/08\/eak7-1024x769.jpg 1024w, https:\/\/wp4wpuw.pedagog.uw.edu.pl\/test\/wp-content\/uploads\/2022\/08\/eak7-300x225.jpg 300w, https:\/\/wp4wpuw.pedagog.uw.edu.pl\/test\/wp-content\/uploads\/2022\/08\/eak7-768x577.jpg 768w, https:\/\/wp4wpuw.pedagog.uw.edu.pl\/test\/wp-content\/uploads\/2022\/08\/eak7.jpg 1200w\" sizes=\"auto, (max-width: 620px) 100vw, 620px\" \/><\/a>\n            <\/dt>\n                <dd class='gallery-caption'>\n                Sytuacja po pierwszym etapie (trzy dni walk). W niemieckim sztabie nastroje bardzo minorowe i narasta panika.\n                <\/dd><\/dl><br style=\"clear: both\" \/><dl class='gallery-item'>\n            <dt class='gallery-icon'>\n                <a href='https:\/\/wp4wpuw.pedagog.uw.edu.pl\/test\/wp-content\/uploads\/2022\/08\/eak8.jpg'><img loading=\"lazy\" decoding=\"async\" width=\"620\" height=\"466\" src=\"https:\/\/wp4wpuw.pedagog.uw.edu.pl\/test\/wp-content\/uploads\/2022\/08\/eak8-1024x769.jpg\" class=\"attachment-large size-large\" alt=\"\" srcset=\"https:\/\/wp4wpuw.pedagog.uw.edu.pl\/test\/wp-content\/uploads\/2022\/08\/eak8-1024x769.jpg 1024w, https:\/\/wp4wpuw.pedagog.uw.edu.pl\/test\/wp-content\/uploads\/2022\/08\/eak8-300x225.jpg 300w, https:\/\/wp4wpuw.pedagog.uw.edu.pl\/test\/wp-content\/uploads\/2022\/08\/eak8-768x577.jpg 768w, https:\/\/wp4wpuw.pedagog.uw.edu.pl\/test\/wp-content\/uploads\/2022\/08\/eak8.jpg 1200w\" sizes=\"auto, (max-width: 620px) 100vw, 620px\" \/><\/a>\n            <\/dt>\n                <dd class='gallery-caption'>\n                Sowieckie wojska wkr\u00f3tce osi\u0105gn\u0105 cele pierwszego etapu ofensywy (to te r\u00f3\u017cowe \u017cetony Front objective).\n                <\/dd><\/dl><br style=\"clear: both\" \/><dl class='gallery-item'>\n            <dt class='gallery-icon'>\n                <a href='https:\/\/wp4wpuw.pedagog.uw.edu.pl\/test\/wp-content\/uploads\/2022\/08\/eak9.jpg'><img loading=\"lazy\" decoding=\"async\" width=\"620\" height=\"466\" src=\"https:\/\/wp4wpuw.pedagog.uw.edu.pl\/test\/wp-content\/uploads\/2022\/08\/eak9-1024x769.jpg\" class=\"attachment-large size-large\" alt=\"\" srcset=\"https:\/\/wp4wpuw.pedagog.uw.edu.pl\/test\/wp-content\/uploads\/2022\/08\/eak9-1024x769.jpg 1024w, https:\/\/wp4wpuw.pedagog.uw.edu.pl\/test\/wp-content\/uploads\/2022\/08\/eak9-300x225.jpg 300w, https:\/\/wp4wpuw.pedagog.uw.edu.pl\/test\/wp-content\/uploads\/2022\/08\/eak9-768x577.jpg 768w, https:\/\/wp4wpuw.pedagog.uw.edu.pl\/test\/wp-content\/uploads\/2022\/08\/eak9.jpg 1200w\" sizes=\"auto, (max-width: 620px) 100vw, 620px\" \/><\/a>\n            <\/dt>\n                <dd class='gallery-caption'>\n                Ponownie uderzy\u0142a grupa Popowa ca\u0142kowicie pozbawiaj\u0105c Niemc\u00f3w nadzieji na odtworzenie linii obrony. Cel frontu przesun\u0105\u0142 si\u0119 do Paw\u0142ogradu.\n                <\/dd><\/dl><br style=\"clear: both\" \/><dl class='gallery-item'>\n            <dt class='gallery-icon'>\n                <a href='https:\/\/wp4wpuw.pedagog.uw.edu.pl\/test\/wp-content\/uploads\/2022\/08\/eak11.jpg'><img loading=\"lazy\" decoding=\"async\" width=\"620\" height=\"466\" src=\"https:\/\/wp4wpuw.pedagog.uw.edu.pl\/test\/wp-content\/uploads\/2022\/08\/eak11-1024x769.jpg\" class=\"attachment-large size-large\" alt=\"\" srcset=\"https:\/\/wp4wpuw.pedagog.uw.edu.pl\/test\/wp-content\/uploads\/2022\/08\/eak11-1024x769.jpg 1024w, https:\/\/wp4wpuw.pedagog.uw.edu.pl\/test\/wp-content\/uploads\/2022\/08\/eak11-300x225.jpg 300w, https:\/\/wp4wpuw.pedagog.uw.edu.pl\/test\/wp-content\/uploads\/2022\/08\/eak11-768x577.jpg 768w, https:\/\/wp4wpuw.pedagog.uw.edu.pl\/test\/wp-content\/uploads\/2022\/08\/eak11.jpg 1200w\" sizes=\"auto, (max-width: 620px) 100vw, 620px\" \/><\/a>\n            <\/dt>\n                <dd class='gallery-caption'>\n                I znowu uderzy\u0142 Popow. Zignorowa\u0142 zagro\u017cenie ze skrzyd\u0142a i rzuci\u0142 si\u0119 w stron\u0119 Paw\u0142ogradu i dalej Dniepropietrowska.\n                <\/dd><\/dl><br style=\"clear: both\" \/><dl class='gallery-item'>\n            <dt class='gallery-icon'>\n                <a href='https:\/\/wp4wpuw.pedagog.uw.edu.pl\/test\/wp-content\/uploads\/2022\/08\/eak12.jpg'><img loading=\"lazy\" decoding=\"async\" width=\"620\" height=\"466\" src=\"https:\/\/wp4wpuw.pedagog.uw.edu.pl\/test\/wp-content\/uploads\/2022\/08\/eak12-1024x769.jpg\" class=\"attachment-large size-large\" alt=\"\" srcset=\"https:\/\/wp4wpuw.pedagog.uw.edu.pl\/test\/wp-content\/uploads\/2022\/08\/eak12-1024x769.jpg 1024w, https:\/\/wp4wpuw.pedagog.uw.edu.pl\/test\/wp-content\/uploads\/2022\/08\/eak12-300x225.jpg 300w, https:\/\/wp4wpuw.pedagog.uw.edu.pl\/test\/wp-content\/uploads\/2022\/08\/eak12-768x577.jpg 768w, https:\/\/wp4wpuw.pedagog.uw.edu.pl\/test\/wp-content\/uploads\/2022\/08\/eak12.jpg 1200w\" sizes=\"auto, (max-width: 620px) 100vw, 620px\" \/><\/a>\n            <\/dt>\n                <dd class='gallery-caption'>\n                Ostateczny cel ofensywy wyznaczony dla Grupy Mobilnej Popowa pad\u0142 ju\u017c w pi\u0105tym dniu ofensywy (drugi etap). Niemcy rw\u0105 sobie w\u0142osy z g\u0142owy.\n                <\/dd><\/dl><br style=\"clear: both\" \/><dl class='gallery-item'>\n            <dt class='gallery-icon'>\n                <a href='https:\/\/wp4wpuw.pedagog.uw.edu.pl\/test\/wp-content\/uploads\/2022\/08\/eak13.jpg'><img loading=\"lazy\" decoding=\"async\" width=\"620\" height=\"466\" src=\"https:\/\/wp4wpuw.pedagog.uw.edu.pl\/test\/wp-content\/uploads\/2022\/08\/eak13-1024x769.jpg\" class=\"attachment-large size-large\" alt=\"\" srcset=\"https:\/\/wp4wpuw.pedagog.uw.edu.pl\/test\/wp-content\/uploads\/2022\/08\/eak13-1024x769.jpg 1024w, https:\/\/wp4wpuw.pedagog.uw.edu.pl\/test\/wp-content\/uploads\/2022\/08\/eak13-300x225.jpg 300w, https:\/\/wp4wpuw.pedagog.uw.edu.pl\/test\/wp-content\/uploads\/2022\/08\/eak13-768x577.jpg 768w, https:\/\/wp4wpuw.pedagog.uw.edu.pl\/test\/wp-content\/uploads\/2022\/08\/eak13.jpg 1200w\" sizes=\"auto, (max-width: 620px) 100vw, 620px\" \/><\/a>\n            <\/dt>\n                <dd class='gallery-caption'>\n                Nie mog\u0105c nic poradzi\u0107 na wysforowane czo\u0142\u00f3wki, Niemcy pr\u00f3buj\u0105 odci\u0105\u0107 je od si\u0142 g\u0142\u00f3wnych i zaopatrzenia (cho\u0107 to b\u0119dzie mia\u0142o znaczenie dopiero od czwartego etapu).\n                <\/dd><\/dl><br style=\"clear: both\" \/><dl class='gallery-item'>\n            <dt class='gallery-icon'>\n                <a href='https:\/\/wp4wpuw.pedagog.uw.edu.pl\/test\/wp-content\/uploads\/2022\/08\/aek14.jpg'><img loading=\"lazy\" decoding=\"async\" width=\"620\" height=\"466\" src=\"https:\/\/wp4wpuw.pedagog.uw.edu.pl\/test\/wp-content\/uploads\/2022\/08\/aek14-1024x769.jpg\" class=\"attachment-large size-large\" alt=\"\" srcset=\"https:\/\/wp4wpuw.pedagog.uw.edu.pl\/test\/wp-content\/uploads\/2022\/08\/aek14-1024x769.jpg 1024w, https:\/\/wp4wpuw.pedagog.uw.edu.pl\/test\/wp-content\/uploads\/2022\/08\/aek14-300x225.jpg 300w, https:\/\/wp4wpuw.pedagog.uw.edu.pl\/test\/wp-content\/uploads\/2022\/08\/aek14-768x577.jpg 768w, https:\/\/wp4wpuw.pedagog.uw.edu.pl\/test\/wp-content\/uploads\/2022\/08\/aek14.jpg 1200w\" sizes=\"auto, (max-width: 620px) 100vw, 620px\" \/><\/a>\n            <\/dt>\n                <dd class='gallery-caption'>\n                Kontratak III korpusu zako\u0144czy\u0142 si\u0119 sukcesem,  ale w tym czasie trzecia armia sforsowa\u0142a Doniec i zbli\u017ca\u0142a si\u0119 do Charkowa.\n                <\/dd><\/dl><br style=\"clear: both\" \/><dl class='gallery-item'>\n            <dt class='gallery-icon'>\n                <a href='https:\/\/wp4wpuw.pedagog.uw.edu.pl\/test\/wp-content\/uploads\/2022\/08\/eak15.jpg'><img loading=\"lazy\" decoding=\"async\" width=\"620\" height=\"466\" src=\"https:\/\/wp4wpuw.pedagog.uw.edu.pl\/test\/wp-content\/uploads\/2022\/08\/eak15-1024x769.jpg\" class=\"attachment-large size-large\" alt=\"\" srcset=\"https:\/\/wp4wpuw.pedagog.uw.edu.pl\/test\/wp-content\/uploads\/2022\/08\/eak15-1024x769.jpg 1024w, https:\/\/wp4wpuw.pedagog.uw.edu.pl\/test\/wp-content\/uploads\/2022\/08\/eak15-300x225.jpg 300w, https:\/\/wp4wpuw.pedagog.uw.edu.pl\/test\/wp-content\/uploads\/2022\/08\/eak15-768x577.jpg 768w, https:\/\/wp4wpuw.pedagog.uw.edu.pl\/test\/wp-content\/uploads\/2022\/08\/eak15.jpg 1200w\" sizes=\"auto, (max-width: 620px) 100vw, 620px\" \/><\/a>\n            <\/dt>\n                <dd class='gallery-caption'>\n                I znowu grupa Popowa. Z marszu zajmuj\u0105 kolejne pozbawione obrony miasta, jednak zbytnie rozci\u0105gni\u0119cie si\u0142 nie pozwala na skuteczne zaj\u0119cie si\u0119 III Korpusem. Na szcz\u0119\u015bcie dla Rosjan powoli nadci\u0105ga 6 Armia, kt\u00f3ra b\u0119dzie mog\u0142a wzi\u0105\u0107 na siebie to zadanie.\n                <\/dd><\/dl><br style=\"clear: both\" \/><dl class='gallery-item'>\n            <dt class='gallery-icon'>\n                <a href='https:\/\/wp4wpuw.pedagog.uw.edu.pl\/test\/wp-content\/uploads\/2022\/08\/eak16.jpg'><img loading=\"lazy\" decoding=\"async\" width=\"620\" height=\"466\" src=\"https:\/\/wp4wpuw.pedagog.uw.edu.pl\/test\/wp-content\/uploads\/2022\/08\/eak16-1024x769.jpg\" class=\"attachment-large size-large\" alt=\"\" srcset=\"https:\/\/wp4wpuw.pedagog.uw.edu.pl\/test\/wp-content\/uploads\/2022\/08\/eak16-1024x769.jpg 1024w, https:\/\/wp4wpuw.pedagog.uw.edu.pl\/test\/wp-content\/uploads\/2022\/08\/eak16-300x225.jpg 300w, https:\/\/wp4wpuw.pedagog.uw.edu.pl\/test\/wp-content\/uploads\/2022\/08\/eak16-768x577.jpg 768w, https:\/\/wp4wpuw.pedagog.uw.edu.pl\/test\/wp-content\/uploads\/2022\/08\/eak16.jpg 1200w\" sizes=\"auto, (max-width: 620px) 100vw, 620px\" \/><\/a>\n            <\/dt>\n                <dd class='gallery-caption'>\n                Trzecia armia pancerna zrolowa\u0142a Niemieck\u0105 obron\u0119 a rozkazy STAVKi nakazuj\u0105 pomin\u0105\u0107 Chark\u00f3w i i\u015b\u0107 dalej. Na po\u0142udniu niemiecki III Korpus kontynuuje ataki przeciwko grupie Popowa, jednak tym razem okr\u0105\u017cona sowiecka dywizja si\u0119 obroni\u0142a. Nast\u0105pi\u0142 koniec drugiego etapu i zarazem pierwszego scenariusza.\n                <\/dd><\/dl><br style=\"clear: both\" \/><dl class='gallery-item'>\n            <dt class='gallery-icon'>\n                <a href='https:\/\/wp4wpuw.pedagog.uw.edu.pl\/test\/wp-content\/uploads\/2022\/08\/eak17.jpg'><img loading=\"lazy\" decoding=\"async\" width=\"620\" height=\"466\" src=\"https:\/\/wp4wpuw.pedagog.uw.edu.pl\/test\/wp-content\/uploads\/2022\/08\/eak17-1024x769.jpg\" class=\"attachment-large size-large\" alt=\"\" srcset=\"https:\/\/wp4wpuw.pedagog.uw.edu.pl\/test\/wp-content\/uploads\/2022\/08\/eak17-1024x769.jpg 1024w, https:\/\/wp4wpuw.pedagog.uw.edu.pl\/test\/wp-content\/uploads\/2022\/08\/eak17-300x225.jpg 300w, https:\/\/wp4wpuw.pedagog.uw.edu.pl\/test\/wp-content\/uploads\/2022\/08\/eak17-768x577.jpg 768w, https:\/\/wp4wpuw.pedagog.uw.edu.pl\/test\/wp-content\/uploads\/2022\/08\/eak17.jpg 1200w\" sizes=\"auto, (max-width: 620px) 100vw, 620px\" \/><\/a>\n            <\/dt>\n                <dd class='gallery-caption'>\n                Niemcy ponie\u015bli bardzo ci\u0119\u017ckie straty, ale r\u00f3wnie\u017c straty Rosjan s\u0105 dotkliwe &#8211; ich najsilniejsze oddzia\u0142y zosta\u0142y bezpowrotnie os\u0142abione. Sowieci zdobyli 12VP, czyli o 3 wi\u0119cej ni\u017c jest wymagane do wygranej. Grupa Popowa wylosowa\u0142a praktycznie wszystkie aktywacje jakie mog\u0142a otrzyma\u0107, przez co odnios\u0142a spektakularny sukces. Z drugiej strony spowodowa\u0142o to, \u017ce zupe\u0142nie si\u0119 rozproszy\u0142a i straci\u0142a zdolno\u015b\u0107 do skutecznego zwalczania Niemc\u00f3w, co mo\u017ce w przysz\u0142o\u015bci by\u0107 dla nich szans\u0105 na odwr\u00f3cenie wyniku bitwy (co pokazuj\u0105 dzia\u0142ania III Korpusu). \n                <\/dd><\/dl><br style=\"clear: both\" \/>\n            <br style='clear: both;' \/>\n        <\/div>\n\n","protected":false},"excerpt":{"rendered":"<p>John H. Butterfiled to geniusz wojennych gier solo. W\u0142a\u015bnie w sklepach pojawi\u0142a si\u0119 jego najnowsza gra Enemy Action: Kharkov, symuluj\u0105ca walki w rejonie Charkowa wiosn\u0105 1943 roku. By\u0142 to bardzo gor\u0105cy okres &#8211; najpierw Rosjanie przeprowadzili siln\u0105 ofensyw\u0119 a p\u00f3\u017aniej Niemcy mocno kontratakowali. Kiedy zdoby\u0142em te gr\u0119, to od razu rzuci\u0142em si\u0119 na najtrudniejszy wariant, &#8230;<\/p>\n","protected":false},"author":8846,"featured_media":813177,"comment_status":"open","ping_status":"closed","sticky":false,"template":"","format":"standard","meta":{"cybocfi_hide_featured_image":"","footnotes":""},"categories":[],"tags":[],"post_folder":[],"class_list":["post-813153","post","type-post","status-publish","format-standard","has-post-thumbnail","hentry"],"_links":{"self":[{"href":"https:\/\/wp4wpuw.pedagog.uw.edu.pl\/test\/wp-json\/wp\/v2\/posts\/813153","targetHints":{"allow":["GET"]}}],"collection":[{"href":"https:\/\/wp4wpuw.pedagog.uw.edu.pl\/test\/wp-json\/wp\/v2\/posts"}],"about":[{"href":"https:\/\/wp4wpuw.pedagog.uw.edu.pl\/test\/wp-json\/wp\/v2\/types\/post"}],"author":[{"embeddable":true,"href":"https:\/\/wp4wpuw.pedagog.uw.edu.pl\/test\/wp-json\/wp\/v2\/users\/8846"}],"replies":[{"embeddable":true,"href":"https:\/\/wp4wpuw.pedagog.uw.edu.pl\/test\/wp-json\/wp\/v2\/comments?post=813153"}],"version-history":[{"count":0,"href":"https:\/\/wp4wpuw.pedagog.uw.edu.pl\/test\/wp-json\/wp\/v2\/posts\/813153\/revisions"}],"wp:featuredmedia":[{"embeddable":true,"href":"https:\/\/wp4wpuw.pedagog.uw.edu.pl\/test\/wp-json\/wp\/v2\/media\/813177"}],"wp:attachment":[{"href":"https:\/\/wp4wpuw.pedagog.uw.edu.pl\/test\/wp-json\/wp\/v2\/media?parent=813153"}],"wp:term":[{"taxonomy":"category","embeddable":true,"href":"https:\/\/wp4wpuw.pedagog.uw.edu.pl\/test\/wp-json\/wp\/v2\/categories?post=813153"},{"taxonomy":"post_tag","embeddable":true,"href":"https:\/\/wp4wpuw.pedagog.uw.edu.pl\/test\/wp-json\/wp\/v2\/tags?post=813153"},{"taxonomy":"post_folder","embeddable":true,"href":"https:\/\/wp4wpuw.pedagog.uw.edu.pl\/test\/wp-json\/wp\/v2\/post_folder?post=813153"}],"curies":[{"name":"wp","href":"https:\/\/api.w.org\/{rel}","templated":true}]}}